{"id":9629,"date":"2019-01-08T10:50:48","date_gmt":"2019-01-08T12:50:48","guid":{"rendered":"https:\/\/blogs.correiobraziliense.com.br\/vicente\/?p=9629"},"modified":"2019-01-08T22:00:30","modified_gmt":"2019-01-09T00:00:30","slug":"governo-vai-rever-1397-mil-contratos-que-somam-r-1653-bilhoes","status":"publish","type":"post","link":"https:\/\/blogs.correiobraziliense.com.br\/vicente\/governo-vai-rever-1397-mil-contratos-que-somam-r-1653-bilhoes\/","title":{"rendered":"Governo vai rever 139,7 mil contratos, que somam R$ 165,3 bilh\u00f5es"},"content":{"rendered":"<h2>ROSANA HESSEL<\/h2>\n<h2><\/h2>\n<h2>As mudan\u00e7as na estrutura do Executivo, com extin\u00e7\u00e3o e fus\u00e3o de minist\u00e9rios, v\u00e3o resultar na revis\u00e3o de milhares de contratos. Dados do Minist\u00e9rio da Economia, que incorporou as pastas da Fazenda, do Planejamento e da Ind\u00fastria e Com\u00e9rcio, al\u00e9m de parte do Trabalho, mostram que, nos \u00faltimos cinco anos, foram firmados 139.676 contratos em todo o governo, totalizando R$ 165,3 bilh\u00f5es.<\/h2>\n<p>&nbsp;<\/p>\n<p>A situa\u00e7\u00e3o, dizem t\u00e9cnicos da Esplanada, \u00e9 complexa, pois os minist\u00e9rios agregam v\u00e1rios CNPJs. Com a uni\u00e3o de v\u00e1rios deles, n\u00e3o se sabe quem ficar\u00e1 respons\u00e1vel pela administra\u00e7\u00e3o dos contratos e como ser\u00e1 a renegocia\u00e7\u00e3o, pois se suspeita de superfaturamento e de servi\u00e7os n\u00e3o prestados, onerando a Uni\u00e3o al\u00e9m do necess\u00e1rio.<\/p>\n<p>&nbsp;<\/p>\n<p>Para se ter uma ideia, apenas sob o guarda-chuva do Minist\u00e9rio da Economia h\u00e1 mais de 700 CNPJs, que ter\u00e3o de ser unificados em um \u00fanico n\u00famero, a fim de evitar conflitos entre as fontes pagadoras. As quatro pastas que resultaram no minist\u00e9rio comandado por Paulo Guedes firmaram 34,2 mil contratos nos \u00faltimos cinco anos, que totalizam R$ 20,3 bilh\u00f5es.<\/p>\n<p>&nbsp;<\/p>\n<p>Os contratos vigentes devem ser revistos e ter aditivos para adequar a fonte pagadora. \u201cVamos tentar correr, mas n\u00e3o ser\u00e1 tarefa nada f\u00e1cil. O governo \u00e9 um mundo, e cada contrato tem a sua especificidade\u201d, diz um t\u00e9cnico.<\/p>\n<p>&nbsp;<\/p>\n<p><strong>Aten\u00e7\u00e3o<\/strong><\/p>\n<p>&nbsp;<\/p>\n<p>Para o economista Jos\u00e9 Lu\u00eds Oreiro, professor da Universidade de Bras\u00edlia (UnB), \u00e9 natural que um processo t\u00e3o amplo de reestrutura\u00e7\u00e3o na Esplanada demande tempo e aten\u00e7\u00e3o. Ele lembra que a adequa\u00e7\u00e3o do caixa de um \u00fanico minist\u00e9rio criado pelo ex-presidente Michel Temer, o da Seguran\u00e7a P\u00fablica, levou quatro meses.<\/p>\n<p>&nbsp;<\/p>\n<p>\u201cPortanto, o processo de unifica\u00e7\u00e3o de quatro pastas no Minist\u00e9rio da Economia, que \u00e9 superestrat\u00e9gico, deve levar muito mais tempo que isso\u201d, frisa. O Painel de Contratos do Governo Federal tamb\u00e9m contabiliza documentos do Minist\u00e9rio da Previd\u00eancia, incorporado \u00e0 Fazenda em 2016.<\/p>\n<p>&nbsp;<\/p>\n<p>\u201cO importante \u00e9 que tudo seja feito com cautela\u201d, destaca um auxiliar de Paulo Guedes. \u201cVamos respeitar o que foi assinado. Mas faremos um pente-fino para ver se os valores fechados est\u00e3o corretos e seguem par\u00e2metros de mercado. Qualquer empresa s\u00e9ria da iniciativa privada faz isso\u201d, acrescenta.<\/p>\n<p>&nbsp;<\/p>\n<p>A perspectiva \u00e9 de que o trabalho de revis\u00e3o dos contratos e a adequa\u00e7\u00e3o deles \u00e0 nova estrutura do governo leve pelo menos seis meses. \u201cSeremos criteriosos com tudo. Governo s\u00e9rio \u00e9 isso. Nada ser\u00e1 feito com atropelos, at\u00e9 para evitar demandas judiciais.\u201d<\/p>\n<p>&nbsp;<\/p>\n<p><em>Bras\u00edlia, 10h50min<\/em><\/p>\n","protected":false},"excerpt":{"rendered":"<p>ROSANA HESSEL As mudan\u00e7as na estrutura do Executivo, com extin\u00e7\u00e3o e fus\u00e3o de minist\u00e9rios, v\u00e3o resultar na revis\u00e3o de milhares de contratos. Dados do Minist\u00e9rio da Economia, que incorporou as pastas da Fazenda, do Planejamento e da Ind\u00fastria e Com\u00e9rcio, al\u00e9m de parte do Trabalho, mostram que, nos \u00faltimos cinco anos, foram firmados 139.676 contratos [&hellip;]<\/p>\n","protected":false},"author":22,"featured_media":0,"comment_status":"open","ping_status":"closed","sticky":false,"template":"","format":"standard","meta":{"footnotes":""},"categories":[600],"tags":[],"class_list":["post-9629","post","type-post","status-publish","format-standard","hentry","category-economia"],"_links":{"self":[{"href":"https:\/\/blogs.correiobraziliense.com.br\/vicente\/wp-json\/wp\/v2\/posts\/9629","targetHints":{"allow":["GET"]}}],"collection":[{"href":"https:\/\/blogs.correiobraziliense.com.br\/vicente\/wp-json\/wp\/v2\/posts"}],"about":[{"href":"https:\/\/blogs.correiobraziliense.com.br\/vicente\/wp-json\/wp\/v2\/types\/post"}],"author":[{"embeddable":true,"href":"https:\/\/blogs.correiobraziliense.com.br\/vicente\/wp-json\/wp\/v2\/users\/22"}],"replies":[{"embeddable":true,"href":"https:\/\/blogs.correiobraziliense.com.br\/vicente\/wp-json\/wp\/v2\/comments?post=9629"}],"version-history":[{"count":1,"href":"https:\/\/blogs.correiobraziliense.com.br\/vicente\/wp-json\/wp\/v2\/posts\/9629\/revisions"}],"predecessor-version":[{"id":9630,"href":"https:\/\/blogs.correiobraziliense.com.br\/vicente\/wp-json\/wp\/v2\/posts\/9629\/revisions\/9630"}],"wp:attachment":[{"href":"https:\/\/blogs.correiobraziliense.com.br\/vicente\/wp-json\/wp\/v2\/media?parent=9629"}],"wp:term":[{"taxonomy":"category","embeddable":true,"href":"https:\/\/blogs.correiobraziliense.com.br\/vicente\/wp-json\/wp\/v2\/categories?post=9629"},{"taxonomy":"post_tag","embeddable":true,"href":"https:\/\/blogs.correiobraziliense.com.br\/vicente\/wp-json\/wp\/v2\/tags?post=9629"}],"curies":[{"name":"wp","href":"https:\/\/api.w.org\/{rel}","templated":true}]}}