{"id":9619,"date":"2019-01-07T07:05:46","date_gmt":"2019-01-07T09:05:46","guid":{"rendered":"https:\/\/blogs.correiobraziliense.com.br\/vicente\/?p=9619"},"modified":"2019-01-06T23:30:07","modified_gmt":"2019-01-07T01:30:07","slug":"na-entrelinhas-a-imprensa-e-os-militares","status":"publish","type":"post","link":"https:\/\/blogs.correiobraziliense.com.br\/vicente\/na-entrelinhas-a-imprensa-e-os-militares\/","title":{"rendered":"Na Entrelinhas: A imprensa e os militares"},"content":{"rendered":"<h2>LEONARDO CAVALCANTI<\/h2>\n<h2><\/h2>\n<h2>N\u00e3o deixa de ser simb\u00f3lico que a principal defesa da atividade jornal\u00edstica, entre os integrantes do governo Jair Bolsonaro, tenha vindo at\u00e9 aqui de militares. H\u00e1 uma s\u00e9rie de motivos para tal a\u00e7\u00e3o. O primeiro \u00e9 o mais \u00f3bvio: ao longo do per\u00edodo da redemocratiza\u00e7\u00e3o, o pessoal da caserna, principalmente aqueles que hoje est\u00e3o no alto comando, conseguiu uma qualifica\u00e7\u00e3o poucas vezes vistas no servi\u00e7o p\u00fablico brasileiro.<\/h2>\n<p>&nbsp;<\/p>\n<p>Se fic\u00e1ssemos apenas nesse ponto, ter\u00edamos uma tese para desenvolver, sem tempo nem espa\u00e7o por ora. Mas isso explica de alguma maneira a defesa dos rep\u00f3rteres, pois sabem que n\u00e3o h\u00e1 possibilidade de uma na\u00e7\u00e3o desenvolvida sem uma imprensa forte e livre. Vide, por exemplo, o discurso do tenente-brigadeiro do ar Antonio Carlos Moretti Bermudez, que assumiu na \u00faltima sexta-feira, o cargo de Comandante da For\u00e7a A\u00e9rea Brasileira (FAB).<\/p>\n<p>&nbsp;<\/p>\n<p>\u201cQuanto maior for o zelo com a higidez e a intelectualidade de nosso efetivo, maior ser\u00e1 o retorno para a sociedade que por ele \u00e9 protegida\u201d, come\u00e7ou Bermudez, valorizando muito mais aspectos de intelig\u00eancia do que de for\u00e7a. E completou: \u201cHaveremos de continuar incentivando a perfeita rela\u00e7\u00e3o com a m\u00eddia, que tanto contribuiu para a constru\u00e7\u00e3o da reputa\u00e7\u00e3o de nossa For\u00e7a nesses 78 anos de exist\u00eancia, criando conte\u00fados relevantes, pois relevante \u00e9 nossa miss\u00e3o, assim como \u00e9 determinante o papel da imprensa nesta nossa conex\u00e3o com a sociedade.\u201d<\/p>\n<p>&nbsp;<\/p>\n<blockquote><p>A defesa de rep\u00f3rteres \u00e9 feita por aqueles que sabem que uma na\u00e7\u00e3o s\u00f3 pode ser desenvolvida com o jornalismo valorizado<\/p><\/blockquote>\n<p>&nbsp;<\/p>\n<p>Por mais que se possa enumerar\u00a0uma ou outra tentativa de desestabiliza\u00e7\u00e3o pol\u00edtica de generais &#8211; elas ocorreram nos \u00faltimos momentos do governo Dilma -, o mesmo poderia ser dito de alguns setores econ\u00f4micos. Na maior parte do per\u00edodo de redemocratiza\u00e7\u00e3o, por\u00e9m, os militares mantiveram-se no lugar de militares. E s\u00f3 optaram por Bolsonaro de maneira declarada no segundo turno, ao contr\u00e1rio de categorias como a dos policiais federais.<\/p>\n<p>&nbsp;<\/p>\n<p>Em rela\u00e7\u00e3o ao pessoal da caserna, o mesmo ocorreu no discurso proferido pelo ministro da Defesa, general Fernando Azevedo e Silva. \u201cA presen\u00e7a da m\u00eddia nos importa e nos conforta. Mais do que reproduzir not\u00edcia, ela nos avisa, nos cobra quando \u00e9 necess\u00e1rio e sempre ajuda a dar transpar\u00eancia a nossas atividades.\u201d<\/p>\n<p>&nbsp;<\/p>\n<p>De certa forma, o Minist\u00e9rio da Defesa, unindo as tr\u00eas For\u00e7as, est\u00e1 consolidado, por mais que Bolsonaro tenha feito quest\u00e3o de esquecer no discurso o criador da pasta, o ex-presidente Fernando Henrique Cardoso. A pr\u00f3pria aus\u00eancia na chefia de um civil no comando do minist\u00e9rio parece pacificada, por mais que uma grita tenha sido estabelecida no momento da posse do antigo comandante da pasta, o tamb\u00e9m general Joaquim Silva e Luna, durante o governo Temer.<\/p>\n<p>&nbsp;<\/p>\n<p>Por mais que o discurso de Bolsonaro tenha a clara inten\u00e7\u00e3o de manter acesa a polariza\u00e7\u00e3o partid\u00e1ria em benef\u00edcio pr\u00f3prio, afinal, a oposi\u00e7\u00e3o ainda aparece perdida, o jogo para torcida uma hora cansa, caso os resultados n\u00e3o sejam alcan\u00e7ados em algum momento. Um fato: uma parcela do eleitorado anti-PT o defende sob qualquer circunst\u00e2ncia \u2014 aqui, um m\u00e9rito do capit\u00e3o da reserva \u2014, mas tal a\u00e7\u00e3o pode n\u00e3o manter a popularidade entre os correligion\u00e1rios, qui\u00e7\u00e1 aumentar a margem de apoiadores para quem n\u00e3o votaram nele.<\/p>\n<p>&nbsp;<\/p>\n<p>O jogo est\u00e1 ainda no in\u00edcio, nada garante que a t\u00f4nica ser\u00e1 a descrita acima durante os pr\u00f3ximos movimentos do Pal\u00e1cio do Planalto, pois, como dizem os pr\u00f3prios apoiadores do capit\u00e3o reformado, o governo \u00e9 para defender todos os brasileiros.<\/p>\n<p>&nbsp;<\/p>\n<p><em>Bras\u00edlia, 07h05min<\/em><\/p>\n","protected":false},"excerpt":{"rendered":"<p>LEONARDO CAVALCANTI N\u00e3o deixa de ser simb\u00f3lico que a principal defesa da atividade jornal\u00edstica, entre os integrantes do governo Jair Bolsonaro, tenha vindo at\u00e9 aqui de militares. H\u00e1 uma s\u00e9rie de motivos para tal a\u00e7\u00e3o. O primeiro \u00e9 o mais \u00f3bvio: ao longo do per\u00edodo da redemocratiza\u00e7\u00e3o, o pessoal da caserna, principalmente aqueles que hoje [&hellip;]<\/p>\n","protected":false},"author":22,"featured_media":0,"comment_status":"open","ping_status":"closed","sticky":false,"template":"","format":"standard","meta":{"footnotes":""},"categories":[600],"tags":[],"class_list":["post-9619","post","type-post","status-publish","format-standard","hentry","category-economia"],"_links":{"self":[{"href":"https:\/\/blogs.correiobraziliense.com.br\/vicente\/wp-json\/wp\/v2\/posts\/9619","targetHints":{"allow":["GET"]}}],"collection":[{"href":"https:\/\/blogs.correiobraziliense.com.br\/vicente\/wp-json\/wp\/v2\/posts"}],"about":[{"href":"https:\/\/blogs.correiobraziliense.com.br\/vicente\/wp-json\/wp\/v2\/types\/post"}],"author":[{"embeddable":true,"href":"https:\/\/blogs.correiobraziliense.com.br\/vicente\/wp-json\/wp\/v2\/users\/22"}],"replies":[{"embeddable":true,"href":"https:\/\/blogs.correiobraziliense.com.br\/vicente\/wp-json\/wp\/v2\/comments?post=9619"}],"version-history":[{"count":1,"href":"https:\/\/blogs.correiobraziliense.com.br\/vicente\/wp-json\/wp\/v2\/posts\/9619\/revisions"}],"predecessor-version":[{"id":9620,"href":"https:\/\/blogs.correiobraziliense.com.br\/vicente\/wp-json\/wp\/v2\/posts\/9619\/revisions\/9620"}],"wp:attachment":[{"href":"https:\/\/blogs.correiobraziliense.com.br\/vicente\/wp-json\/wp\/v2\/media?parent=9619"}],"wp:term":[{"taxonomy":"category","embeddable":true,"href":"https:\/\/blogs.correiobraziliense.com.br\/vicente\/wp-json\/wp\/v2\/categories?post=9619"},{"taxonomy":"post_tag","embeddable":true,"href":"https:\/\/blogs.correiobraziliense.com.br\/vicente\/wp-json\/wp\/v2\/tags?post=9619"}],"curies":[{"name":"wp","href":"https:\/\/api.w.org\/{rel}","templated":true}]}}