{"id":9616,"date":"2019-01-06T16:06:40","date_gmt":"2019-01-06T18:06:40","guid":{"rendered":"https:\/\/blogs.correiobraziliense.com.br\/vicente\/?p=9616"},"modified":"2019-01-06T17:18:36","modified_gmt":"2019-01-06T19:18:36","slug":"presidente-do-itau-unibanco-diz-estar-otimista-com-governo-bolsonaro","status":"publish","type":"post","link":"https:\/\/blogs.correiobraziliense.com.br\/vicente\/presidente-do-itau-unibanco-diz-estar-otimista-com-governo-bolsonaro\/","title":{"rendered":"Presidente do Ita\u00fa Unibanco diz estar otimista com governo Bolsonaro"},"content":{"rendered":"<h2><em>H\u00e1 dois anos na presid\u00eancia do Ita\u00fa Unibanco, o maior banco privado do Brasil, Candido Bracher, 60 anos, diz estar bastante otimista em rela\u00e7\u00e3o ao governo de Jair Bolsonaro, empossado em 1\u00ba de janeiro \u00faltimo. Ele ressalta que, do ponto de vista econ\u00f4mico, o diagn\u00f3stico tra\u00e7ado pela equipe do ministro Paulo Guedes \u00e9 correto e, se colocado em pr\u00e1tica, remover\u00e1 os principais entraves para o crescimento do pa\u00eds. \u201cMinha expectativa \u00e9 bastante positiva\u201d, afirma.<\/em><\/h2>\n<p>&nbsp;<\/p>\n<p><a href=\"https:\/\/blogs.correiobraziliense.com.br\/vicente\/wp-content\/uploads\/sites\/16\/2019\/01\/Candido.jpg\"><img loading=\"lazy\" decoding=\"async\" class=\"alignnone size-full wp-image-9617\" src=\"https:\/\/blogs.correiobraziliense.com.br\/vicente\/wp-content\/uploads\/sites\/16\/2019\/01\/Candido.jpg\" alt=\"\" width=\"820\" height=\"547\" srcset=\"https:\/\/blogs.correiobraziliense.com.br\/vicente\/wp-content\/uploads\/sites\/16\/2019\/01\/Candido.jpg 820w, https:\/\/blogs.correiobraziliense.com.br\/vicente\/wp-content\/uploads\/sites\/16\/2019\/01\/Candido-300x200.jpg 300w, https:\/\/blogs.correiobraziliense.com.br\/vicente\/wp-content\/uploads\/sites\/16\/2019\/01\/Candido-768x512.jpg 768w, https:\/\/blogs.correiobraziliense.com.br\/vicente\/wp-content\/uploads\/sites\/16\/2019\/01\/Candido-350x233.jpg 350w, https:\/\/blogs.correiobraziliense.com.br\/vicente\/wp-content\/uploads\/sites\/16\/2019\/01\/Candido-550x367.jpg 550w, https:\/\/blogs.correiobraziliense.com.br\/vicente\/wp-content\/uploads\/sites\/16\/2019\/01\/Candido-230x153.jpg 230w\" sizes=\"auto, (max-width: 820px) 100vw, 820px\" \/><\/a><\/p>\n<p>Foto: Jorge Rosenberg\/Divulga\u00e7\u00e3o<\/p>\n<p>&nbsp;<\/p>\n<p><em>Filho de uma fam\u00edlia aristocr\u00e1tica \u2014 o tatarav\u00f4, Ant\u00f4nio Carlos de Arruda Botelho, ostentava o t\u00edtulo de conde de Pinhal; o pai, Fern\u00e3o Bracher, foi presidente do Banco Central e fundador do Banco BBA, que, em 2002, se uniu ao Ita\u00fa \u2014, acompanha, com aten\u00e7\u00e3o, os movimentos pol\u00edticos do governo a fim de aprovar as reformas de que o pa\u00eds precisa para crescer por um longo per\u00edodo. \u201cAs reformas estruturais, em especial a fiscal, s\u00e3o imprescind\u00edveis para que isso ocorra de forma sustent\u00e1vel\u201d, destaca.<\/em><\/p>\n<p>&nbsp;<\/p>\n<p><em>Bracher garante que, apesar das cr\u00edticas, os bancos t\u00eam dado uma boa contribui\u00e7\u00e3o para o crescimento, e assegura que o sistema s\u00f3 n\u00e3o libera mais cr\u00e9dito por falta de demanda. Ele afirma, ainda, que o custo dos empr\u00e9stimos vem caindo, refletindo a pol\u00edtica conduzida pelo Banco Central, que domou a infla\u00e7\u00e3o e levou a taxa b\u00e1sica, a Selic, para o n\u00edvel mais baixo da hist\u00f3ria, 6,5% ao ano. Na avalia\u00e7\u00e3o dele, no entanto, de nada adiantar\u00e1 esse quadro de infla\u00e7\u00e3o e juros baixos se o governo n\u00e3o fizer um ajuste estrutural nas contas p\u00fablicas, que est\u00e3o no vermelho desde 2014. \u201cN\u00e3o podemos nos enganar. Ou resolvemos os problemas das contas p\u00fablicas ou voltaremos a ter problemas tamb\u00e9m com infla\u00e7\u00e3o e juros\u201d, frisa.<\/em><\/p>\n<p>&nbsp;<\/p>\n<p><em>Para o banqueiro, a percep\u00e7\u00e3o positiva da sociedade em rela\u00e7\u00e3o \u00e0 necessidade de se fazer a reforma da Previd\u00eancia Social, que encerrou 2018 com rombo total de R$ 292,2 bilh\u00f5es, \u00e9 um avan\u00e7o extraordin\u00e1rio e facilitar\u00e1 as negocia\u00e7\u00f5es do governo no Congresso para levar a proposta adiante. Ele ressalta que o otimismo mostrado nos \u00faltimos dias pelos investidores \u2014 a Bolsa de Valores bateu tr\u00eas recordes consecutivos e o d\u00f3lar despencou \u2014 est\u00e1 associado \u00e0 perspectiva de crescimento maior para o Brasil, que deve ficar entre 2% e 2,5% neste ano. Mas faz um alerta: \u00e9 preciso que o mundo tamb\u00e9m ajude. \u201cO Brasil n\u00e3o est\u00e1 isolado do mundo, e \u00e9 importante que o cen\u00e1rio internacional n\u00e3o atrapalhe muito\u201d, diz.<\/em><\/p>\n<p>&nbsp;<\/p>\n<p><em>Os desafios colocados para o pa\u00eds, na avalia\u00e7\u00e3o do presidente do Ita\u00fa Unibanco, v\u00e3o al\u00e9m das quest\u00f5es mais urgentes, como as reformas institucionais. \u201cO Brasil tem potencial para crescer muito mais. Mas, para isso, precisa atuar sobre a quest\u00e3o da produtividade. H\u00e1 in\u00fameros aspectos importantes, e n\u00e3o d\u00e1 para falar de todos aqui. Gostaria de ressaltar um, a educa\u00e7\u00e3o\u201d, afirma. \u00c9 inconceb\u00edvel, para ele, o pa\u00eds estar t\u00e3o mal posicionado em rankings mundiais, como o Programa Internacional de Avalia\u00e7\u00e3o de Alunos (Pisa).<\/em><\/p>\n<p>&nbsp;<\/p>\n<p><em>N\u00e3o por acaso, se os atuais governantes lhe pedissem um conselho para tornar o Brasil um pa\u00eds mais socialmente mais justo, Bracher teria a resposta na ponta da l\u00edngua: \u201cDo ponto de vista estrutural, n\u00e3o h\u00e1 pa\u00eds justo sem que haja igualdade de oportunidades. E n\u00e3o h\u00e1 igualdade de oportunidades se n\u00e3o h\u00e1 educa\u00e7\u00e3o de qualidade para todos\u201d. Na \u00faltima sexta-feira, o executivo teve uma \u00f3tima not\u00edcia. O valor de mercado do Ita\u00fa Unibanco atingiu R$ 342,1 bilh\u00f5es, o que fez da institui\u00e7\u00e3o a mais valiosa empresa listada na Bolsa de Valores, superando a ent\u00e3o l\u00edder Ambev. A seguir, os principais pontos da entrevista.<\/em><\/p>\n<p>&nbsp;<\/p>\n<blockquote><p><em>\u201cAs reformas estruturais, em especial a fiscal, s\u00e3o imprescind\u00edveis para que isso ocorra de forma sustent\u00e1vel\u201d<\/em><\/p><\/blockquote>\n<p>&nbsp;<\/p>\n<p><strong>Qual a sua expectativa em rela\u00e7\u00e3o ao novo governo?<\/strong><br \/>\nOlhando do ponto de vista econ\u00f4mico, minha expectativa \u00e9 bastante positiva. Em primeiro lugar, porque concordo com o diagn\u00f3stico da equipe econ\u00f4mica sobre os principais entraves ao crescimento do pa\u00eds. Em segundo, porque concordo com as primeiras medidas sugeridas pela equipe para lidar com esses entraves. Em terceiro, porque tenho enorme respeito pela qualidade dos profissionais da equipe econ\u00f4mica. O que resta, agora, \u00e9 conhecer a capacidade de articula\u00e7\u00e3o pol\u00edtica do governo para viabilizar a execu\u00e7\u00e3o desse plano.<\/p>\n<p>&nbsp;<\/p>\n<p><strong>\u00c9 poss\u00edvel ter esperan\u00e7a numa retomada firme do crescimento econ\u00f4mico? Por qu\u00ea?<\/strong><br \/>\nSem d\u00favida, \u00e9 poss\u00edvel. A pr\u00f3pria redu\u00e7\u00e3o da incerteza sobre a pol\u00edtica macroecon\u00f4mica deve tornar o efeito dos cortes de juros mais pronunciados, o que deve levar a uma acelera\u00e7\u00e3o da atividade econ\u00f4mica. Mas as reformas estruturais, em especial a fiscal, s\u00e3o imprescind\u00edveis para que isso ocorra de forma sustent\u00e1vel.<\/p>\n<p>&nbsp;<\/p>\n<p><strong>Como os bancos podem contribuir para o incremento do PIB? O cr\u00e9dito continua caro e escasso?<\/strong><br \/>\nOs bancos contribuem de in\u00fameras formas para o crescimento do PIB. O bom funcionamento do setor financeiro \u00e9 uma engrenagem fundamental do desenvolvimento econ\u00f4mico. Isso se d\u00e1 pelos in\u00fameros servi\u00e7os prestados e o que aparece mais \u00e9 o cr\u00e9dito. No Ita\u00fa Unibanco, e creio que seja o caso de outros bancos tamb\u00e9m, o cr\u00e9dito s\u00f3 n\u00e3o cresceu mais por falta de demanda. O custo do cr\u00e9dito vem se reduzindo e eu gostaria de chamar a aten\u00e7\u00e3o para o livro Como fazer os juros serem mais baixos no Brasil, lan\u00e7ado recentemente pela Febraban (Federa\u00e7\u00e3o Brasileira de Bancos), que traz propostas objetivas e concretas sobre como reduzir o spread banc\u00e1rio no Brasil.<\/p>\n<p>&nbsp;<\/p>\n<p><strong>Infla\u00e7\u00e3o e juros saem de cena e as contas p\u00fablicas se tornam o principal vil\u00e3o para o crescimento sustentado da economia. Como resolver isso?<\/strong><br \/>\nN\u00e3o podemos nos enganar: infla\u00e7\u00e3o e juros em bom n\u00edvel, mas com contas p\u00fablicas desequilibradas, constituem um equil\u00edbrio inst\u00e1vel. O ministro Paulo Guedes, em seu discurso de posse, chamou a aten\u00e7\u00e3o para o fato de estarmos \u201crespirando \u00e0 sombra de uma tranquilidade, mas uma falsa tranquilidade\u201d. Essa situa\u00e7\u00e3o n\u00e3o permanecer\u00e1 assim. Ou resolvemos os problemas das contas p\u00fablicas ou voltaremos a ter problemas tamb\u00e9m com infla\u00e7\u00e3o e juros.<\/p>\n<p>&nbsp;<\/p>\n<p><strong>O senhor aposta na aprova\u00e7\u00e3o da reforma da Previd\u00eancia? Os governos anteriores n\u00e3o quiseram comprar essa briga, sobretudo, com as corpora\u00e7\u00f5es. Desta vez vai?<\/strong><br \/>\nA percep\u00e7\u00e3o de que a reforma da previd\u00eancia \u00e9 imprescind\u00edvel para que o pa\u00eds retome a expans\u00e3o econ\u00f4mica \u00e9 crescente na sociedade. Acredito que isso venha a viabilizar a articula\u00e7\u00e3o pol\u00edtica necess\u00e1ria para sua aprova\u00e7\u00e3o. Um precedente importante nessa dire\u00e7\u00e3o foi visto h\u00e1 algumas poucas semanas, com a aprova\u00e7\u00e3o de uma reforma no sistema de previd\u00eancia dos servidores da cidade de S\u00e3o Paulo. \u00c9 muito importante destacar que foi poss\u00edvel aprovar essa reforma antes da eclos\u00e3o de uma crise financeira mais grave.<\/p>\n<p>&nbsp;<\/p>\n<blockquote><p><em>\u201cN\u00e3o podemos nos enganar. Ou resolvemos os problemas das contas p\u00fablicas ou voltaremos a ter problemas tamb\u00e9m com infla\u00e7\u00e3o e juros\u201d<\/em><\/p><\/blockquote>\n<p>&nbsp;<\/p>\n<p><strong>Bolsa em alta e d\u00f3lar em baixa. Esse otimismo dos investidores \u00e9 justific\u00e1vel? Por qu\u00ea?<\/strong><br \/>\nO otimismo dos investidores est\u00e1 ligado \u00e0s perspectivas de retomada de crescimento econ\u00f4mico do Brasil. Se se acredita na aprova\u00e7\u00e3o das reformas, o otimismo \u00e9 justific\u00e1vel. H\u00e1, no entanto, alguns riscos no horizonte, que n\u00e3o dependem exclusivamente da pol\u00edtica interna brasileira. O Brasil n\u00e3o est\u00e1 isolado do mundo e \u00e9 importante que o cen\u00e1rio internacional n\u00e3o atrapalhe muito.<\/p>\n<p>&nbsp;<\/p>\n<p><strong>Quais s\u00e3o os maiores desafios para que o pa\u00eds volte a crescer, gerar emprego e distribuir renda?<\/strong><br \/>\nOs desafios imediatos j\u00e1 tratamos nas quest\u00f5es anteriores. Eu me refiro aos aspectos fiscais. A resolu\u00e7\u00e3o desses problemas, no entanto, vai produzir apenas um crescimento moderado do PIB, na faixa de 2% a 2,5% ao ano. O Brasil tem potencial para crescer muito mais. Mas, para isso, precisa atuar sobre a quest\u00e3o da produtividade. H\u00e1 in\u00fameros aspectos importantes, e n\u00e3o d\u00e1 para falar de todos aqui. Gostaria de ressaltar um, a educa\u00e7\u00e3o. A classifica\u00e7\u00e3o do Brasil no Pisa (Programa Internacional de Avalia\u00e7\u00e3o de Alunos) e em outros rankings relevantes da \u00e1rea \u00e9 extremamente preocupante, mesmo quando nos comparamos com pa\u00edses com investimento per capita em educa\u00e7\u00e3o parecido com o nosso. Isso mostra que temos um grave problema de gest\u00e3o nessa \u00e1rea. Para que o pa\u00eds cres\u00e7a de maneira sustent\u00e1vel a longo prazo, resolver essa quest\u00e3o \u00e9 fundamental. Da mesma forma que o Brasil tratou a infla\u00e7\u00e3o como uma quest\u00e3o de Estado, e n\u00e3o de governo, com a ado\u00e7\u00e3o de uma pol\u00edtica de metas, dever\u00edamos ter metas para o Pisa. E, assim, ter uma governan\u00e7a de Estado de garantisse o seu cumprimento.<\/p>\n<p>&nbsp;<\/p>\n<p><strong>\u00c9 poss\u00edvel acreditar que o futuro ainda vai chegar para o Brasil? Foram muitas as frustra\u00e7\u00f5es ao longo das \u00faltimas d\u00e9cadas.<\/strong><br \/>\nAs frustra\u00e7\u00f5es \u00e0s quais voc\u00ea se refere trouxeram tamb\u00e9m aprendizados. O Brasil re\u00fane as condi\u00e7\u00f5es necess\u00e1rias e as institui\u00e7\u00f5es, que se t\u00eam mostrado muito robustas, que permitem que almejemos ser uma grande na\u00e7\u00e3o.<\/p>\n<p>&nbsp;<\/p>\n<blockquote><p><em>\u201cO Brasil n\u00e3o est\u00e1 isolado do mundo, e \u00e9 importante que o cen\u00e1rio internacional n\u00e3o atrapalhe muito\u201d<\/em><\/p><\/blockquote>\n<p>&nbsp;<\/p>\n<p><strong>Quais os riscos de uma recess\u00e3o nos Estados Unidos e de uma desacelera\u00e7\u00e3o mais forte da China afetarem o Brasil? Estamos reparados para um novo choque externo?<\/strong><br \/>\nO risco de uma recess\u00e3o nos Estados Unidos em 2019, a julgar pelos pre\u00e7os dos ativos, e levando em conta as expectativas de infla\u00e7\u00e3o, \u00e9 de cerca de 20%. O aperto das condi\u00e7\u00f5es financeiras nas \u00faltimas semanas, com a queda dos pre\u00e7os das a\u00e7\u00f5es, tem aumentado esse risco, mas a resili\u00eancia do mercado de trabalho, com taxas de desemprego nas m\u00ednimas hist\u00f3ricas, atua na dire\u00e7\u00e3o oposta. Esperamos que a China cres\u00e7a cerca de 6% neste ano. Caso ocorra uma desacelera\u00e7\u00e3o mais intensa, digamos para 4,5%, o crescimento por aqui tamb\u00e9m sofreria, e poder\u00edamos deixar de ter a acelera\u00e7\u00e3o esperada (2,5%) no ano. O Brasil tem reservas externas vultosas, um Banco Central vigilante e com alta credibilidade, mas \u00e9 claro que o impacto de cada choque externo depende de sua intensidade.<\/p>\n<p>&nbsp;<\/p>\n<p><strong>Se lhe fosse pedido, que conselhos o senhor daria para os atuais governantes no sentido de fazer do Brasil um pa\u00eds mais justo? Por qu\u00ea?<\/strong><br \/>\nTemos uma equipe econ\u00f4mica altamente qualificada e com muita experi\u00eancia. Ent\u00e3o, n\u00e3o creio que precisem de conselhos de fora para ter \u00eaxito. Se ainda assim insistissem, eu diria que o ideal \u00e9 ter foco em umas poucas prioridades \u2014 sendo a primeira delas a reforma da previd\u00eancia. A sua pergunta trata de um pa\u00eds justo. Nesse sentido, a reforma da previd\u00eancia \u00e9 fundamental para evitar a volta da infla\u00e7\u00e3o, um imposto regressivo. Do ponto de vista estrutural, n\u00e3o h\u00e1 pa\u00eds justo sem que haja igualdade de oportunidades. E n\u00e3o h\u00e1 igualdade de oportunidades se n\u00e3o h\u00e1 educa\u00e7\u00e3o de qualidade para todos.<\/p>\n<p>&nbsp;<\/p>\n<p><em>Bras\u00edlia, 16h06min<\/em><\/p>\n","protected":false},"excerpt":{"rendered":"<p>H\u00e1 dois anos na presid\u00eancia do Ita\u00fa Unibanco, o maior banco privado do Brasil, Candido Bracher, 60 anos, diz estar bastante otimista em rela\u00e7\u00e3o ao governo de Jair Bolsonaro, empossado em 1\u00ba de janeiro \u00faltimo. Ele ressalta que, do ponto de vista econ\u00f4mico, o diagn\u00f3stico tra\u00e7ado pela equipe do ministro Paulo Guedes \u00e9 correto e, [&hellip;]<\/p>\n","protected":false},"author":22,"featured_media":0,"comment_status":"open","ping_status":"closed","sticky":false,"template":"","format":"standard","meta":{"footnotes":""},"categories":[600],"tags":[],"class_list":["post-9616","post","type-post","status-publish","format-standard","hentry","category-economia"],"_links":{"self":[{"href":"https:\/\/blogs.correiobraziliense.com.br\/vicente\/wp-json\/wp\/v2\/posts\/9616","targetHints":{"allow":["GET"]}}],"collection":[{"href":"https:\/\/blogs.correiobraziliense.com.br\/vicente\/wp-json\/wp\/v2\/posts"}],"about":[{"href":"https:\/\/blogs.correiobraziliense.com.br\/vicente\/wp-json\/wp\/v2\/types\/post"}],"author":[{"embeddable":true,"href":"https:\/\/blogs.correiobraziliense.com.br\/vicente\/wp-json\/wp\/v2\/users\/22"}],"replies":[{"embeddable":true,"href":"https:\/\/blogs.correiobraziliense.com.br\/vicente\/wp-json\/wp\/v2\/comments?post=9616"}],"version-history":[{"count":1,"href":"https:\/\/blogs.correiobraziliense.com.br\/vicente\/wp-json\/wp\/v2\/posts\/9616\/revisions"}],"predecessor-version":[{"id":9618,"href":"https:\/\/blogs.correiobraziliense.com.br\/vicente\/wp-json\/wp\/v2\/posts\/9616\/revisions\/9618"}],"wp:attachment":[{"href":"https:\/\/blogs.correiobraziliense.com.br\/vicente\/wp-json\/wp\/v2\/media?parent=9616"}],"wp:term":[{"taxonomy":"category","embeddable":true,"href":"https:\/\/blogs.correiobraziliense.com.br\/vicente\/wp-json\/wp\/v2\/categories?post=9616"},{"taxonomy":"post_tag","embeddable":true,"href":"https:\/\/blogs.correiobraziliense.com.br\/vicente\/wp-json\/wp\/v2\/tags?post=9616"}],"curies":[{"name":"wp","href":"https:\/\/api.w.org\/{rel}","templated":true}]}}