{"id":9611,"date":"2019-01-04T19:10:16","date_gmt":"2019-01-04T21:10:16","guid":{"rendered":"https:\/\/blogs.correiobraziliense.com.br\/vicente\/?p=9611"},"modified":"2019-01-04T20:34:11","modified_gmt":"2019-01-04T22:34:11","slug":"governo-faz-a-limpa-em-cargos-comissionados-do-ibge","status":"publish","type":"post","link":"https:\/\/blogs.correiobraziliense.com.br\/vicente\/governo-faz-a-limpa-em-cargos-comissionados-do-ibge\/","title":{"rendered":"Governo faz a limpa em cargos comissionados do IBGE"},"content":{"rendered":"<h2>A caneta do governo est\u00e1 mais afiada do que nunca. Somente na quinta-feira, 3 de janeiro, por determina\u00e7\u00e3o do Pal\u00e1cio do Planalto, o Instituto Brasileiro de Geografia e Estat\u00edstica (IBGE) destituiu dos cargos de chefia mais de 70 funcion\u00e1rios que estavam espalhados por postos do \u00f3rg\u00e3o Brasil afora. Os desligamentos continuaram nesta sexta, dia 4, e devem se estender pelos pr\u00f3ximos dias.<\/h2>\n<p>&nbsp;<\/p>\n<p>A perda dos cargos de confian\u00e7a est\u00e1 ligada, em muitos casos, \u00e0 posi\u00e7\u00e3o pol\u00edtica dos servidores. Praticamente todas as vagas j\u00e1 foram preenchidas por pessoas mais alinhadas com o pensamento do governo e protegidas por pol\u00edticos que apoiam Bolsonaro.<\/p>\n<p>&nbsp;<\/p>\n<p>As trocas das chefias no IBGE chamou a aten\u00e7\u00e3o dos funcion\u00e1rios, pois n\u00e3o se via uma troca t\u00e3o grande de pessoas desde o governo Lula, em 2003. Naquela \u00e9poca, o petista substituiu todas as pessoas alinhadas ao tucano Fernando Henrique Cardoso.<\/p>\n<p>&nbsp;<\/p>\n<p>Por conta da mudan\u00e7a na estrutura do governo, o IBGE, que estava no guarda-chuva do Planejamento, foi incorporado ao Minist\u00e9rio da Economia, comandado por Paulo Guedes. Ele ainda n\u00e3o definiu quem presidir\u00e1 o instituto. O atual presidente, Roberto Olinto, foi sondado sobre a possibilidade de continuar onde est\u00e1. Mas o martelo ainda n\u00e3o foi batido.<\/p>\n<p>&nbsp;<\/p>\n<p><em>Bras\u00edlia, 19h10min<\/em><\/p>\n","protected":false},"excerpt":{"rendered":"<p>A caneta do governo est\u00e1 mais afiada do que nunca. Somente na quinta-feira, 3 de janeiro, por determina\u00e7\u00e3o do Pal\u00e1cio do Planalto, o Instituto Brasileiro de Geografia e Estat\u00edstica (IBGE) destituiu dos cargos de chefia mais de 70 funcion\u00e1rios que estavam espalhados por postos do \u00f3rg\u00e3o Brasil afora. Os desligamentos continuaram nesta sexta, dia 4, [&hellip;]<\/p>\n","protected":false},"author":22,"featured_media":0,"comment_status":"open","ping_status":"closed","sticky":false,"template":"","format":"standard","meta":{"footnotes":""},"categories":[600],"tags":[],"class_list":["post-9611","post","type-post","status-publish","format-standard","hentry","category-economia"],"_links":{"self":[{"href":"https:\/\/blogs.correiobraziliense.com.br\/vicente\/wp-json\/wp\/v2\/posts\/9611","targetHints":{"allow":["GET"]}}],"collection":[{"href":"https:\/\/blogs.correiobraziliense.com.br\/vicente\/wp-json\/wp\/v2\/posts"}],"about":[{"href":"https:\/\/blogs.correiobraziliense.com.br\/vicente\/wp-json\/wp\/v2\/types\/post"}],"author":[{"embeddable":true,"href":"https:\/\/blogs.correiobraziliense.com.br\/vicente\/wp-json\/wp\/v2\/users\/22"}],"replies":[{"embeddable":true,"href":"https:\/\/blogs.correiobraziliense.com.br\/vicente\/wp-json\/wp\/v2\/comments?post=9611"}],"version-history":[{"count":1,"href":"https:\/\/blogs.correiobraziliense.com.br\/vicente\/wp-json\/wp\/v2\/posts\/9611\/revisions"}],"predecessor-version":[{"id":9612,"href":"https:\/\/blogs.correiobraziliense.com.br\/vicente\/wp-json\/wp\/v2\/posts\/9611\/revisions\/9612"}],"wp:attachment":[{"href":"https:\/\/blogs.correiobraziliense.com.br\/vicente\/wp-json\/wp\/v2\/media?parent=9611"}],"wp:term":[{"taxonomy":"category","embeddable":true,"href":"https:\/\/blogs.correiobraziliense.com.br\/vicente\/wp-json\/wp\/v2\/categories?post=9611"},{"taxonomy":"post_tag","embeddable":true,"href":"https:\/\/blogs.correiobraziliense.com.br\/vicente\/wp-json\/wp\/v2\/tags?post=9611"}],"curies":[{"name":"wp","href":"https:\/\/api.w.org\/{rel}","templated":true}]}}