{"id":9609,"date":"2019-01-03T19:43:20","date_gmt":"2019-01-03T21:43:20","guid":{"rendered":"https:\/\/blogs.correiobraziliense.com.br\/vicente\/?p=9609"},"modified":"2019-01-03T21:17:57","modified_gmt":"2019-01-03T23:17:57","slug":"governo-aumenta-numero-de-cargos-comissionados-na-cgu","status":"publish","type":"post","link":"https:\/\/blogs.correiobraziliense.com.br\/vicente\/governo-aumenta-numero-de-cargos-comissionados-na-cgu\/","title":{"rendered":"Governo aumenta n\u00famero de cargos comissionados na CGU"},"content":{"rendered":"<h2>O governo editou nesta quinta-feira, 3 de janeiro, o decreto n\u00ba 9.681, no qual define a nova estrutura de funcionamento da Controladoria-Geral da Uni\u00e3o (CGU). Cargos de DAS, que podem ser ocupados por pessoas de fora da administra\u00e7\u00e3o p\u00fablica, foram substitu\u00eddos por fun\u00e7\u00f5es comissionadas, destinadas a concursados.<\/h2>\n<p>&nbsp;<\/p>\n<p>A reestrutura\u00e7\u00e3o da CGU, no entanto, foi na dire\u00e7\u00e3o contr\u00e1ria ao programa de enxugamento da m\u00e1quina p\u00fablica proposto pela equipe econ\u00f4mica. O governo aumentou o total de cargos comissionados, de 451 para 482. Com isso, os gastos do \u00f3rg\u00e3o v\u00e3o crescer de R$ 596,4 milh\u00f5es por ano para R$ 621 milh\u00f5es.<\/p>\n<p>&nbsp;<\/p>\n<p>O decreto informa que foram exonerados ou dispensados todos os ocupantes dos cargos em comiss\u00e3o e das fun\u00e7\u00f5es de confian\u00e7a da CGU que n\u00e3o guardam correspond\u00eancia direta com a nova estrutura do \u00f3rg\u00e3o. A CGU ter\u00e1 30 dias para publicar os nomes de todos os ocupantes dos cargos comissionados.<\/p>\n<p>&nbsp;<\/p>\n<p>Em ato publicado no <em>Di\u00e1rio Oficial da Uni\u00e3o<\/em>, o presidente Jair Bolsonaro exonerou Hussein Ali Kalout da chefia da Secretaria Especial de Assuntos Estrat\u00e9gicos da Presid\u00eancia da Rep\u00fablica e nomeou, para o lugar dele, Maynard Marques da Santa Rosa.<\/p>\n<p>&nbsp;<\/p>\n<p>J\u00e1 o ministro da Casa Civil, Onyx Lorenzoni, nomeou tr\u00eas novos assessores diretos: Ricardo Peixoto Camarinha (assessor especial do gabinete pessoal da Presid\u00eancia), Filipe Garcia Martins Pereira (assessor-chefe-adjunto da assessoria especial da Presid\u00eancia) e Arthur Weintraub (assessor-chefe-adjunto da assessoria especial da Presid\u00eancia).<\/p>\n<p>&nbsp;<\/p>\n<p><em>Bras\u00edlia, 19h43min<\/em><\/p>\n","protected":false},"excerpt":{"rendered":"<p>O governo editou nesta quinta-feira, 3 de janeiro, o decreto n\u00ba 9.681, no qual define a nova estrutura de funcionamento da Controladoria-Geral da Uni\u00e3o (CGU). Cargos de DAS, que podem ser ocupados por pessoas de fora da administra\u00e7\u00e3o p\u00fablica, foram substitu\u00eddos por fun\u00e7\u00f5es comissionadas, destinadas a concursados. &nbsp; A reestrutura\u00e7\u00e3o da CGU, no entanto, foi [&hellip;]<\/p>\n","protected":false},"author":22,"featured_media":0,"comment_status":"open","ping_status":"closed","sticky":false,"template":"","format":"standard","meta":{"footnotes":""},"categories":[600],"tags":[],"class_list":["post-9609","post","type-post","status-publish","format-standard","hentry","category-economia"],"_links":{"self":[{"href":"https:\/\/blogs.correiobraziliense.com.br\/vicente\/wp-json\/wp\/v2\/posts\/9609","targetHints":{"allow":["GET"]}}],"collection":[{"href":"https:\/\/blogs.correiobraziliense.com.br\/vicente\/wp-json\/wp\/v2\/posts"}],"about":[{"href":"https:\/\/blogs.correiobraziliense.com.br\/vicente\/wp-json\/wp\/v2\/types\/post"}],"author":[{"embeddable":true,"href":"https:\/\/blogs.correiobraziliense.com.br\/vicente\/wp-json\/wp\/v2\/users\/22"}],"replies":[{"embeddable":true,"href":"https:\/\/blogs.correiobraziliense.com.br\/vicente\/wp-json\/wp\/v2\/comments?post=9609"}],"version-history":[{"count":1,"href":"https:\/\/blogs.correiobraziliense.com.br\/vicente\/wp-json\/wp\/v2\/posts\/9609\/revisions"}],"predecessor-version":[{"id":9610,"href":"https:\/\/blogs.correiobraziliense.com.br\/vicente\/wp-json\/wp\/v2\/posts\/9609\/revisions\/9610"}],"wp:attachment":[{"href":"https:\/\/blogs.correiobraziliense.com.br\/vicente\/wp-json\/wp\/v2\/media?parent=9609"}],"wp:term":[{"taxonomy":"category","embeddable":true,"href":"https:\/\/blogs.correiobraziliense.com.br\/vicente\/wp-json\/wp\/v2\/categories?post=9609"},{"taxonomy":"post_tag","embeddable":true,"href":"https:\/\/blogs.correiobraziliense.com.br\/vicente\/wp-json\/wp\/v2\/tags?post=9609"}],"curies":[{"name":"wp","href":"https:\/\/api.w.org\/{rel}","templated":true}]}}