{"id":9596,"date":"2019-01-03T17:11:38","date_gmt":"2019-01-03T19:11:38","guid":{"rendered":"https:\/\/blogs.correiobraziliense.com.br\/vicente\/?p=9596"},"modified":"2019-01-03T19:14:01","modified_gmt":"2019-01-03T21:14:01","slug":"ministerio-da-economia-usa-logomarca-de-dilma-em-site-oficial","status":"publish","type":"post","link":"https:\/\/blogs.correiobraziliense.com.br\/vicente\/ministerio-da-economia-usa-logomarca-de-dilma-em-site-oficial\/","title":{"rendered":"Minist\u00e9rio da Economia usa logomarca de Dilma em site oficial"},"content":{"rendered":"<p>Apesar de todas as declara\u00e7\u00f5es do governo de que tem pressa na &#8220;despetiza\u00e7\u00e3o&#8221; da m\u00e1quina p\u00fablica, com exonera\u00e7\u00e3o em massa de comissionados, o superminist\u00e9rio da Economia, comandado por Paulo Guedes, parece estar alheio \u00e0 determina\u00e7\u00e3o.<\/p>\n<p>&nbsp;<\/p>\n<p>Na p\u00e1gina oficial do site do minist\u00e9rio, logo abaixo dos curr\u00edculos de Guedes e do secret\u00e1rio executivo, Marcelo Guaranys, est\u00e1 a logomarca usada no governo de Dilma Rousseff: Brasil, pa\u00eds rico \u00e9 pa\u00eds sem pobreza.<\/p>\n<p>&nbsp;<\/p>\n<p><a href=\"https:\/\/blogs.correiobraziliense.com.br\/vicente\/wp-content\/uploads\/sites\/16\/2019\/01\/MinisterioEconomia.png\"><img loading=\"lazy\" decoding=\"async\" class=\"alignnone size-large wp-image-9597\" src=\"https:\/\/blogs.correiobraziliense.com.br\/vicente\/wp-content\/uploads\/sites\/16\/2019\/01\/MinisterioEconomia-1024x838.png\" alt=\"\" width=\"1024\" height=\"838\" srcset=\"https:\/\/blogs.correiobraziliense.com.br\/vicente\/wp-content\/uploads\/sites\/16\/2019\/01\/MinisterioEconomia-1024x838.png 1024w, https:\/\/blogs.correiobraziliense.com.br\/vicente\/wp-content\/uploads\/sites\/16\/2019\/01\/MinisterioEconomia-300x245.png 300w, https:\/\/blogs.correiobraziliense.com.br\/vicente\/wp-content\/uploads\/sites\/16\/2019\/01\/MinisterioEconomia-768x628.png 768w, https:\/\/blogs.correiobraziliense.com.br\/vicente\/wp-content\/uploads\/sites\/16\/2019\/01\/MinisterioEconomia-350x286.png 350w, https:\/\/blogs.correiobraziliense.com.br\/vicente\/wp-content\/uploads\/sites\/16\/2019\/01\/MinisterioEconomia-550x450.png 550w, https:\/\/blogs.correiobraziliense.com.br\/vicente\/wp-content\/uploads\/sites\/16\/2019\/01\/MinisterioEconomia-230x188.png 230w, https:\/\/blogs.correiobraziliense.com.br\/vicente\/wp-content\/uploads\/sites\/16\/2019\/01\/MinisterioEconomia.png 1072w\" sizes=\"auto, (max-width: 1024px) 100vw, 1024px\" \/><\/a><\/p>\n<p>&nbsp;<\/p>\n<p>N\u00e3o se sabe se foi por falta de uma marca nova, referente ao governo Bolsonaro, ou se foi erro na composi\u00e7\u00e3o da p\u00e1gina. O fato, por\u00e9m, \u00e9 que o uso da logomarca de Dilma est\u00e1 provocando muitos coment\u00e1rios na Esplanada.<\/p>\n<p>&nbsp;<\/p>\n<p><a href=\"https:\/\/blogs.correiobraziliense.com.br\/vicente\/wp-content\/uploads\/sites\/16\/2019\/01\/MinisterioEconomia1.png\"><img loading=\"lazy\" decoding=\"async\" class=\"alignnone size-full wp-image-9598\" src=\"https:\/\/blogs.correiobraziliense.com.br\/vicente\/wp-content\/uploads\/sites\/16\/2019\/01\/MinisterioEconomia1.png\" alt=\"\" width=\"907\" height=\"561\" srcset=\"https:\/\/blogs.correiobraziliense.com.br\/vicente\/wp-content\/uploads\/sites\/16\/2019\/01\/MinisterioEconomia1.png 907w, https:\/\/blogs.correiobraziliense.com.br\/vicente\/wp-content\/uploads\/sites\/16\/2019\/01\/MinisterioEconomia1-300x186.png 300w, https:\/\/blogs.correiobraziliense.com.br\/vicente\/wp-content\/uploads\/sites\/16\/2019\/01\/MinisterioEconomia1-768x475.png 768w, https:\/\/blogs.correiobraziliense.com.br\/vicente\/wp-content\/uploads\/sites\/16\/2019\/01\/MinisterioEconomia1-350x216.png 350w, https:\/\/blogs.correiobraziliense.com.br\/vicente\/wp-content\/uploads\/sites\/16\/2019\/01\/MinisterioEconomia1-550x340.png 550w, https:\/\/blogs.correiobraziliense.com.br\/vicente\/wp-content\/uploads\/sites\/16\/2019\/01\/MinisterioEconomia1-230x142.png 230w\" sizes=\"auto, (max-width: 907px) 100vw, 907px\" \/><\/a><\/p>\n<p>&nbsp;<\/p>\n<p>Melhor seria, dizem assessores do Minist\u00e9rio da Economia, ter deixado a logomarca de Michel Temer, Ordem e Progresso, at\u00e9 que o slogan do atual governo fosse criado.<\/p>\n<p>&nbsp;<\/p>\n<p><strong>Atualiza\u00e7\u00e3o:<\/strong> Depois de publica\u00e7\u00e3o da not\u00edcia pelo <strong>Blog<\/strong> e do questionamento feito \u00e0 assessoria de imprensa do Minist\u00e9rio da Economia, a logomarca do governo Dilma foi retirada. A assessoria de Guedes disse que havia ocorrido um erro t\u00e9cnico, mas apenas quando o site era acessado pelo navegador Chrome. Nos demais, tudo estava correto.<\/p>\n<p>&nbsp;<\/p>\n<p><em>Bras\u00edlia, 17h11min<\/em><\/p>\n","protected":false},"excerpt":{"rendered":"<p>Apesar de todas as declara\u00e7\u00f5es do governo de que tem pressa na &#8220;despetiza\u00e7\u00e3o&#8221; da m\u00e1quina p\u00fablica, com exonera\u00e7\u00e3o em massa de comissionados, o superminist\u00e9rio da Economia, comandado por Paulo Guedes, parece estar alheio \u00e0 determina\u00e7\u00e3o. &nbsp; Na p\u00e1gina oficial do site do minist\u00e9rio, logo abaixo dos curr\u00edculos de Guedes e do secret\u00e1rio executivo, Marcelo Guaranys, [&hellip;]<\/p>\n","protected":false},"author":22,"featured_media":0,"comment_status":"open","ping_status":"closed","sticky":false,"template":"","format":"standard","meta":{"footnotes":""},"categories":[600],"tags":[],"class_list":["post-9596","post","type-post","status-publish","format-standard","hentry","category-economia"],"_links":{"self":[{"href":"https:\/\/blogs.correiobraziliense.com.br\/vicente\/wp-json\/wp\/v2\/posts\/9596","targetHints":{"allow":["GET"]}}],"collection":[{"href":"https:\/\/blogs.correiobraziliense.com.br\/vicente\/wp-json\/wp\/v2\/posts"}],"about":[{"href":"https:\/\/blogs.correiobraziliense.com.br\/vicente\/wp-json\/wp\/v2\/types\/post"}],"author":[{"embeddable":true,"href":"https:\/\/blogs.correiobraziliense.com.br\/vicente\/wp-json\/wp\/v2\/users\/22"}],"replies":[{"embeddable":true,"href":"https:\/\/blogs.correiobraziliense.com.br\/vicente\/wp-json\/wp\/v2\/comments?post=9596"}],"version-history":[{"count":8,"href":"https:\/\/blogs.correiobraziliense.com.br\/vicente\/wp-json\/wp\/v2\/posts\/9596\/revisions"}],"predecessor-version":[{"id":9606,"href":"https:\/\/blogs.correiobraziliense.com.br\/vicente\/wp-json\/wp\/v2\/posts\/9596\/revisions\/9606"}],"wp:attachment":[{"href":"https:\/\/blogs.correiobraziliense.com.br\/vicente\/wp-json\/wp\/v2\/media?parent=9596"}],"wp:term":[{"taxonomy":"category","embeddable":true,"href":"https:\/\/blogs.correiobraziliense.com.br\/vicente\/wp-json\/wp\/v2\/categories?post=9596"},{"taxonomy":"post_tag","embeddable":true,"href":"https:\/\/blogs.correiobraziliense.com.br\/vicente\/wp-json\/wp\/v2\/tags?post=9596"}],"curies":[{"name":"wp","href":"https:\/\/api.w.org\/{rel}","templated":true}]}}