{"id":9594,"date":"2019-01-03T15:01:06","date_gmt":"2019-01-03T17:01:06","guid":{"rendered":"https:\/\/blogs.correiobraziliense.com.br\/vicente\/?p=9594"},"modified":"2019-01-03T15:53:58","modified_gmt":"2019-01-03T17:53:58","slug":"enfim-tesouro-e-caixa-regularizam-salarios-de-servidores","status":"publish","type":"post","link":"https:\/\/blogs.correiobraziliense.com.br\/vicente\/enfim-tesouro-e-caixa-regularizam-salarios-de-servidores\/","title":{"rendered":"Enfim, Tesouro e Caixa regularizam sal\u00e1rios de servidores"},"content":{"rendered":"<h2>Depois de dois dias de muita confus\u00e3o, o Tesouro Nacional e a Caixa Econ\u00f4mica Federal regularizaram o pagamento de sal\u00e1rios de servidores da Uni\u00e3o. Desde a manh\u00e3 de quarta-feira, 2 de janeiro, o funcionalismo federal passou a cobrar os rendimentos, que n\u00e3o haviam sido depositados, como de praxe.<\/h2>\n<p>&nbsp;<\/p>\n<p>Diante da cobran\u00e7a, o Tesouro informou que havia registrado problemas no Sistema Integrado de Administra\u00e7\u00e3o Financeira (Siafi). Mas que tudo seria solucionado rapidamente. N\u00e3o foi. Tanto que a gritaria continuou estridente na Esplanada dos Minist\u00e9rios e nas redes sociais.<\/p>\n<p>&nbsp;<\/p>\n<p>Num primeiro momento, j\u00e1 no fim da tarde de quarta-feira, come\u00e7aram a cair nas contas os sal\u00e1rios de civis e militares pagos por meio do Banco do Brasil. Os dos servidores com conta-corrente na Caixa s\u00f3 receberam na tarde desta quinta, 3 de janeiro.<\/p>\n<p>&nbsp;<\/p>\n<p>Os servidores n\u00e3o entenderam muito bem o motivo de tanta confus\u00e3o e reclamaram da falta de informa\u00e7\u00e3o precisa por parte dos \u00f3rg\u00e3os em que trabalham. Havia o temor de que o atraso de sal\u00e1rios se estendesse por mais dias, prejudicando aqueles que t\u00eam contas para pagar logo no in\u00edcio de m\u00eas.<\/p>\n<p>&nbsp;<\/p>\n<p><em>Bras\u00edlia, 15h01min<\/em><\/p>\n","protected":false},"excerpt":{"rendered":"<p>Depois de dois dias de muita confus\u00e3o, o Tesouro Nacional e a Caixa Econ\u00f4mica Federal regularizaram o pagamento de sal\u00e1rios de servidores da Uni\u00e3o. Desde a manh\u00e3 de quarta-feira, 2 de janeiro, o funcionalismo federal passou a cobrar os rendimentos, que n\u00e3o haviam sido depositados, como de praxe. &nbsp; Diante da cobran\u00e7a, o Tesouro informou [&hellip;]<\/p>\n","protected":false},"author":22,"featured_media":0,"comment_status":"open","ping_status":"closed","sticky":false,"template":"","format":"standard","meta":{"footnotes":""},"categories":[600],"tags":[],"class_list":["post-9594","post","type-post","status-publish","format-standard","hentry","category-economia"],"_links":{"self":[{"href":"https:\/\/blogs.correiobraziliense.com.br\/vicente\/wp-json\/wp\/v2\/posts\/9594","targetHints":{"allow":["GET"]}}],"collection":[{"href":"https:\/\/blogs.correiobraziliense.com.br\/vicente\/wp-json\/wp\/v2\/posts"}],"about":[{"href":"https:\/\/blogs.correiobraziliense.com.br\/vicente\/wp-json\/wp\/v2\/types\/post"}],"author":[{"embeddable":true,"href":"https:\/\/blogs.correiobraziliense.com.br\/vicente\/wp-json\/wp\/v2\/users\/22"}],"replies":[{"embeddable":true,"href":"https:\/\/blogs.correiobraziliense.com.br\/vicente\/wp-json\/wp\/v2\/comments?post=9594"}],"version-history":[{"count":1,"href":"https:\/\/blogs.correiobraziliense.com.br\/vicente\/wp-json\/wp\/v2\/posts\/9594\/revisions"}],"predecessor-version":[{"id":9595,"href":"https:\/\/blogs.correiobraziliense.com.br\/vicente\/wp-json\/wp\/v2\/posts\/9594\/revisions\/9595"}],"wp:attachment":[{"href":"https:\/\/blogs.correiobraziliense.com.br\/vicente\/wp-json\/wp\/v2\/media?parent=9594"}],"wp:term":[{"taxonomy":"category","embeddable":true,"href":"https:\/\/blogs.correiobraziliense.com.br\/vicente\/wp-json\/wp\/v2\/categories?post=9594"},{"taxonomy":"post_tag","embeddable":true,"href":"https:\/\/blogs.correiobraziliense.com.br\/vicente\/wp-json\/wp\/v2\/tags?post=9594"}],"curies":[{"name":"wp","href":"https:\/\/api.w.org\/{rel}","templated":true}]}}