{"id":9584,"date":"2019-01-02T23:31:45","date_gmt":"2019-01-03T01:31:45","guid":{"rendered":"https:\/\/blogs.correiobraziliense.com.br\/vicente\/?p=9584"},"modified":"2019-01-02T23:54:12","modified_gmt":"2019-01-03T01:54:12","slug":"paulo-guedes-gasta-r-325-em-jantar-de-comemoracao-da-posse","status":"publish","type":"post","link":"https:\/\/blogs.correiobraziliense.com.br\/vicente\/paulo-guedes-gasta-r-325-em-jantar-de-comemoracao-da-posse\/","title":{"rendered":"Paulo Guedes gasta R$ 325 em jantar de comemora\u00e7\u00e3o da posse"},"content":{"rendered":"<p>BERNARDO BITTAR<\/p>\n<p>&nbsp;<\/p>\n<p>O superministro da Economia, Paulo Guedes, comemorou sua posse com jantar no restaurante peruano Tayp\u00e1 Sabores Del Peru, no Lago Sul. Em mesa com 12 pessoas, Guedes dividiu a conta em seis partes, totalizando R$ 325 por pagante. Quitou\u00a0a conta do restaurante com cart\u00e3o nominal (e n\u00e3o corporativo).<\/p>\n<p>&nbsp;<\/p>\n<p><a href=\"https:\/\/blogs.correiobraziliense.com.br\/vicente\/wp-content\/uploads\/sites\/16\/2019\/01\/guedes.jpg\"><img loading=\"lazy\" decoding=\"async\" class=\"alignnone size-large wp-image-9585\" src=\"https:\/\/blogs.correiobraziliense.com.br\/vicente\/wp-content\/uploads\/sites\/16\/2019\/01\/guedes-768x1024.jpg\" alt=\"\" width=\"768\" height=\"1024\" srcset=\"https:\/\/blogs.correiobraziliense.com.br\/vicente\/wp-content\/uploads\/sites\/16\/2019\/01\/guedes-768x1024.jpg 768w, https:\/\/blogs.correiobraziliense.com.br\/vicente\/wp-content\/uploads\/sites\/16\/2019\/01\/guedes-225x300.jpg 225w, https:\/\/blogs.correiobraziliense.com.br\/vicente\/wp-content\/uploads\/sites\/16\/2019\/01\/guedes-263x350.jpg 263w, https:\/\/blogs.correiobraziliense.com.br\/vicente\/wp-content\/uploads\/sites\/16\/2019\/01\/guedes-550x733.jpg 550w, https:\/\/blogs.correiobraziliense.com.br\/vicente\/wp-content\/uploads\/sites\/16\/2019\/01\/guedes-230x307.jpg 230w, https:\/\/blogs.correiobraziliense.com.br\/vicente\/wp-content\/uploads\/sites\/16\/2019\/01\/guedes.jpg 780w\" sizes=\"auto, (max-width: 768px) 100vw, 768px\" \/><\/a><\/p>\n<p>&nbsp;<\/p>\n<p>Ele tomou refrigerante e comeu um prato \u00e0 base de camar\u00e3o e peixe, enquanto os convivas dividiram tr\u00eas garrafas do sauvignon blanc franc\u00eas Marlborough Sun, safra 2017. O encontro come\u00e7ou por volta das 19h, e Guedes tirou fotos com a equipe do restaurante.<\/p>\n<p>&nbsp;<\/p>\n<p>O ministro transbordava felicidade. Seu discurso de 49 minutos foi aplaudid\u00edssimo e fundamental para que a Bolsa de Valores de S\u00e3o Paulo (B3) encerrasse os neg\u00f3cios com novo recorde, acima dos 91 mil pontos.<\/p>\n<p>&nbsp;<\/p>\n<p>O comportamento noturno de Guedes casou perfeitamente com o discurso de horas atr\u00e1s, quando tomou posse no Instituto Serzedello Correa, vinculado ao Tribunal de Contas da Uni\u00e3o (TCU), e criticou o excesso de gastos no Estado. O ministro defendeu o enxugamento da m\u00e1quina e a reforma da Previd\u00eancia.<\/p>\n<p>&nbsp;<\/p>\n<p><strong>Fora da curva<\/strong><\/p>\n<p>&nbsp;<\/p>\n<p>Normalmente, jantares organizados para comemorar posses de ministros de Estado ou de autoridades deste calibre s\u00e3o acompanhados por saborosos banquetes oferecidos pelo governo ou pela institui\u00e7\u00e3o a que pertence o empossado, como ocorreu com Dias Toffoli no Supremo Tribunal Federal (STF) e com Raquel Dodge na Procuradoria-Geral da Rep\u00fablica (PGR).<\/p>\n<p>&nbsp;<\/p>\n<p>O presidente da Rep\u00fablica, Jair Bolsonaro, por exemplo, recebeu homenagem do Minist\u00e9rio das Rela\u00e7\u00f5es Exteriores (MRE), na ter\u00e7a-feira (1\/1) e, depois, foi at\u00e9 a Granja do Torto comemorar com familiares e amigos, os quais recebeu de shorts e chinelos.<\/p>\n<p>&nbsp;<\/p>\n<p><em>Bras\u00edlia, 23h31min<\/em><\/p>\n","protected":false},"excerpt":{"rendered":"<p>BERNARDO BITTAR &nbsp; O superministro da Economia, Paulo Guedes, comemorou sua posse com jantar no restaurante peruano Tayp\u00e1 Sabores Del Peru, no Lago Sul. Em mesa com 12 pessoas, Guedes dividiu a conta em seis partes, totalizando R$ 325 por pagante. Quitou\u00a0a conta do restaurante com cart\u00e3o nominal (e n\u00e3o corporativo). &nbsp; &nbsp; Ele tomou [&hellip;]<\/p>\n","protected":false},"author":22,"featured_media":0,"comment_status":"open","ping_status":"closed","sticky":false,"template":"","format":"standard","meta":{"footnotes":""},"categories":[600],"tags":[],"class_list":["post-9584","post","type-post","status-publish","format-standard","hentry","category-economia"],"_links":{"self":[{"href":"https:\/\/blogs.correiobraziliense.com.br\/vicente\/wp-json\/wp\/v2\/posts\/9584","targetHints":{"allow":["GET"]}}],"collection":[{"href":"https:\/\/blogs.correiobraziliense.com.br\/vicente\/wp-json\/wp\/v2\/posts"}],"about":[{"href":"https:\/\/blogs.correiobraziliense.com.br\/vicente\/wp-json\/wp\/v2\/types\/post"}],"author":[{"embeddable":true,"href":"https:\/\/blogs.correiobraziliense.com.br\/vicente\/wp-json\/wp\/v2\/users\/22"}],"replies":[{"embeddable":true,"href":"https:\/\/blogs.correiobraziliense.com.br\/vicente\/wp-json\/wp\/v2\/comments?post=9584"}],"version-history":[{"count":6,"href":"https:\/\/blogs.correiobraziliense.com.br\/vicente\/wp-json\/wp\/v2\/posts\/9584\/revisions"}],"predecessor-version":[{"id":9591,"href":"https:\/\/blogs.correiobraziliense.com.br\/vicente\/wp-json\/wp\/v2\/posts\/9584\/revisions\/9591"}],"wp:attachment":[{"href":"https:\/\/blogs.correiobraziliense.com.br\/vicente\/wp-json\/wp\/v2\/media?parent=9584"}],"wp:term":[{"taxonomy":"category","embeddable":true,"href":"https:\/\/blogs.correiobraziliense.com.br\/vicente\/wp-json\/wp\/v2\/categories?post=9584"},{"taxonomy":"post_tag","embeddable":true,"href":"https:\/\/blogs.correiobraziliense.com.br\/vicente\/wp-json\/wp\/v2\/tags?post=9584"}],"curies":[{"name":"wp","href":"https:\/\/api.w.org\/{rel}","templated":true}]}}