{"id":9582,"date":"2019-01-02T18:29:05","date_gmt":"2019-01-02T20:29:05","guid":{"rendered":"https:\/\/blogs.correiobraziliense.com.br\/vicente\/?p=9582"},"modified":"2019-01-02T19:45:45","modified_gmt":"2019-01-02T21:45:45","slug":"todos-os-funcionarios-do-conselhao-sao-demitidos","status":"publish","type":"post","link":"https:\/\/blogs.correiobraziliense.com.br\/vicente\/todos-os-funcionarios-do-conselhao-sao-demitidos\/","title":{"rendered":"Todos os funcion\u00e1rios do Conselh\u00e3o s\u00e3o demitidos"},"content":{"rendered":"<h2>O secret\u00e1rio executivo da Casa Civil, Abraham Weintraub, demitiu, nesta quarta-feira, 2 de janeiro, todos os funcion\u00e1rios do Conselho de Desenvolvimento Econ\u00f4mico e Social, o Conselh\u00e3o, criado no governo Lula.<\/h2>\n<p>&nbsp;<\/p>\n<p>Em uma reuni\u00e3o no audit\u00f3rio da Casa Civil, ele avisou que os funcion\u00e1rios sem v\u00ednculos com o governo (cargos comissionados) nem precisar\u00e3o aparecer para trabalhar a partir de quinta-feira, 3.<\/p>\n<p>&nbsp;<\/p>\n<p>No caso dos funcion\u00e1rios p\u00fablicos cedidos para o Conselh\u00e3o, todos ter\u00e3o sete dias para se recolocarem na Esplanada ou para voltarem aos \u00f3rg\u00e3os de origem. No total, o Conselh\u00e3o tem 29 funcion\u00e1rios.<\/p>\n<p>&nbsp;<\/p>\n<p>Essas demiss\u00f5es fazem parte do que o ministro da Casa Civil, Onyx Lorenzoni, chamou de &#8220;despetiza\u00e7\u00e3o do governo&#8221;. No total, a Casa Civil dispensar\u00e1 320 funcion\u00e1rios comissionados. As demiss\u00f5es e exonera\u00e7\u00f5es devem sair no Di\u00e1rio Oficial de quinta.<\/p>\n<p>&nbsp;<\/p>\n<p>Esse processo de &#8220;limpeza&#8221; do governo j\u00e1 tinha sido anunciado pelo presidente Jair Bolsonaro durante a campanha eleitoral. Poucos na Esplanada acreditavam, por\u00e9m, que o movimento seria t\u00e3o r\u00e1pido.<\/p>\n<p>&nbsp;<\/p>\n<p><em>Bras\u00edlia, 18h29min<\/em><\/p>\n","protected":false},"excerpt":{"rendered":"<p>O secret\u00e1rio executivo da Casa Civil, Abraham Weintraub, demitiu, nesta quarta-feira, 2 de janeiro, todos os funcion\u00e1rios do Conselho de Desenvolvimento Econ\u00f4mico e Social, o Conselh\u00e3o, criado no governo Lula. &nbsp; Em uma reuni\u00e3o no audit\u00f3rio da Casa Civil, ele avisou que os funcion\u00e1rios sem v\u00ednculos com o governo (cargos comissionados) nem precisar\u00e3o aparecer para [&hellip;]<\/p>\n","protected":false},"author":22,"featured_media":0,"comment_status":"open","ping_status":"closed","sticky":false,"template":"","format":"standard","meta":{"footnotes":""},"categories":[600],"tags":[],"class_list":["post-9582","post","type-post","status-publish","format-standard","hentry","category-economia"],"_links":{"self":[{"href":"https:\/\/blogs.correiobraziliense.com.br\/vicente\/wp-json\/wp\/v2\/posts\/9582","targetHints":{"allow":["GET"]}}],"collection":[{"href":"https:\/\/blogs.correiobraziliense.com.br\/vicente\/wp-json\/wp\/v2\/posts"}],"about":[{"href":"https:\/\/blogs.correiobraziliense.com.br\/vicente\/wp-json\/wp\/v2\/types\/post"}],"author":[{"embeddable":true,"href":"https:\/\/blogs.correiobraziliense.com.br\/vicente\/wp-json\/wp\/v2\/users\/22"}],"replies":[{"embeddable":true,"href":"https:\/\/blogs.correiobraziliense.com.br\/vicente\/wp-json\/wp\/v2\/comments?post=9582"}],"version-history":[{"count":1,"href":"https:\/\/blogs.correiobraziliense.com.br\/vicente\/wp-json\/wp\/v2\/posts\/9582\/revisions"}],"predecessor-version":[{"id":9583,"href":"https:\/\/blogs.correiobraziliense.com.br\/vicente\/wp-json\/wp\/v2\/posts\/9582\/revisions\/9583"}],"wp:attachment":[{"href":"https:\/\/blogs.correiobraziliense.com.br\/vicente\/wp-json\/wp\/v2\/media?parent=9582"}],"wp:term":[{"taxonomy":"category","embeddable":true,"href":"https:\/\/blogs.correiobraziliense.com.br\/vicente\/wp-json\/wp\/v2\/categories?post=9582"},{"taxonomy":"post_tag","embeddable":true,"href":"https:\/\/blogs.correiobraziliense.com.br\/vicente\/wp-json\/wp\/v2\/tags?post=9582"}],"curies":[{"name":"wp","href":"https:\/\/api.w.org\/{rel}","templated":true}]}}