{"id":9578,"date":"2019-01-02T17:57:04","date_gmt":"2019-01-02T19:57:04","guid":{"rendered":"https:\/\/blogs.correiobraziliense.com.br\/vicente\/?p=9578"},"modified":"2019-01-02T19:03:23","modified_gmt":"2019-01-02T21:03:23","slug":"tesouro-garante-que-pagamento-de-servidores-ja-foi-feito","status":"publish","type":"post","link":"https:\/\/blogs.correiobraziliense.com.br\/vicente\/tesouro-garante-que-pagamento-de-servidores-ja-foi-feito\/","title":{"rendered":"Tesouro garante que pagamento de servidores j\u00e1 foi feito"},"content":{"rendered":"<h2>O Tesouro Nacional informou, por meio de nota, que o pagamento de servidores militares e civis j\u00e1 foi feito nesta quarta-feira, 2 de janeiro.<\/h2>\n<p>&nbsp;<\/p>\n<p>Desde cedo, um n\u00famero grande de funcion\u00e1rios federais vem reclamando da falta do pagamento. Muitos alegavam que tinham compromissos a cumprir, mas os dep\u00f3sitos n\u00e3o tinham sido feitos.<\/p>\n<p>&nbsp;<\/p>\n<p>Veja a \u00edntegra da nota:<\/p>\n<p>&nbsp;<\/p>\n<p>&#8220;A equipe t\u00e9cnica da Secretaria do Tesouro Nacional (STN) informa que j\u00e1 est\u00e1 implantando a solu\u00e7\u00e3o para corre\u00e7\u00e3o da uma falha ocorrida na gera\u00e7\u00e3o das ordens banc\u00e1rias para pagamento da folha de pessoal dos militares e servidores do Poder Executivo Federal no Sistema Integrado de Administra\u00e7\u00e3o Financeira (Siafi). O pagamento ser\u00e1 realizado ainda hoje (02\/01).<\/p>\n<p>&nbsp;<\/p>\n<p>De acordo com a Medida Provis\u00f3ria n\u00ba 2.165-36, de 23\/08\/2001, a data de pagamento dos servidores n\u00e3o poder\u00e1 ser posterior ao segundo dia \u00fatil do m\u00eas subsequente ao de compet\u00eancia. Portanto, pela lei, n\u00e3o h\u00e1 que se falar em atraso de pagamento.&#8221;<\/p>\n<p>&nbsp;<\/p>\n<p><em>Bras\u00edlia, 17h57min<\/em><\/p>\n","protected":false},"excerpt":{"rendered":"<p>O Tesouro Nacional informou, por meio de nota, que o pagamento de servidores militares e civis j\u00e1 foi feito nesta quarta-feira, 2 de janeiro. &nbsp; Desde cedo, um n\u00famero grande de funcion\u00e1rios federais vem reclamando da falta do pagamento. Muitos alegavam que tinham compromissos a cumprir, mas os dep\u00f3sitos n\u00e3o tinham sido feitos. &nbsp; Veja [&hellip;]<\/p>\n","protected":false},"author":22,"featured_media":0,"comment_status":"open","ping_status":"closed","sticky":false,"template":"","format":"standard","meta":{"footnotes":""},"categories":[600],"tags":[],"class_list":["post-9578","post","type-post","status-publish","format-standard","hentry","category-economia"],"_links":{"self":[{"href":"https:\/\/blogs.correiobraziliense.com.br\/vicente\/wp-json\/wp\/v2\/posts\/9578","targetHints":{"allow":["GET"]}}],"collection":[{"href":"https:\/\/blogs.correiobraziliense.com.br\/vicente\/wp-json\/wp\/v2\/posts"}],"about":[{"href":"https:\/\/blogs.correiobraziliense.com.br\/vicente\/wp-json\/wp\/v2\/types\/post"}],"author":[{"embeddable":true,"href":"https:\/\/blogs.correiobraziliense.com.br\/vicente\/wp-json\/wp\/v2\/users\/22"}],"replies":[{"embeddable":true,"href":"https:\/\/blogs.correiobraziliense.com.br\/vicente\/wp-json\/wp\/v2\/comments?post=9578"}],"version-history":[{"count":3,"href":"https:\/\/blogs.correiobraziliense.com.br\/vicente\/wp-json\/wp\/v2\/posts\/9578\/revisions"}],"predecessor-version":[{"id":9581,"href":"https:\/\/blogs.correiobraziliense.com.br\/vicente\/wp-json\/wp\/v2\/posts\/9578\/revisions\/9581"}],"wp:attachment":[{"href":"https:\/\/blogs.correiobraziliense.com.br\/vicente\/wp-json\/wp\/v2\/media?parent=9578"}],"wp:term":[{"taxonomy":"category","embeddable":true,"href":"https:\/\/blogs.correiobraziliense.com.br\/vicente\/wp-json\/wp\/v2\/categories?post=9578"},{"taxonomy":"post_tag","embeddable":true,"href":"https:\/\/blogs.correiobraziliense.com.br\/vicente\/wp-json\/wp\/v2\/tags?post=9578"}],"curies":[{"name":"wp","href":"https:\/\/api.w.org\/{rel}","templated":true}]}}