{"id":9571,"date":"2019-01-02T14:51:22","date_gmt":"2019-01-02T16:51:22","guid":{"rendered":"https:\/\/blogs.correiobraziliense.com.br\/vicente\/?p=9571"},"modified":"2019-01-02T15:46:48","modified_gmt":"2019-01-02T17:46:48","slug":"governo-manda-demitir-boa-parte-dos-terceirizados-da-esplanada","status":"publish","type":"post","link":"https:\/\/blogs.correiobraziliense.com.br\/vicente\/governo-manda-demitir-boa-parte-dos-terceirizados-da-esplanada\/","title":{"rendered":"Governo manda demitir boa parte dos terceirizados da Esplanada"},"content":{"rendered":"<h2>Na tentativa de reduzir custos e acelerar o ajuste fiscal, o governo de Jair Bolsonaro determinou que todos os minist\u00e9rios diminuam os contratos com empresas terceirizadas. A ordem \u00e9 cortar &#8220;drasticamente&#8221; nessas despesas. Foi feito uma varredura nesses contratos durante o per\u00edodo de transi\u00e7\u00e3o.<\/h2>\n<p>&nbsp;<\/p>\n<p><a href=\"https:\/\/blogs.correiobraziliense.com.br\/vicente\/wp-content\/uploads\/sites\/16\/2019\/01\/GuedesBolsonaro.jpg\"><img loading=\"lazy\" decoding=\"async\" class=\"alignnone wp-image-9574\" src=\"https:\/\/blogs.correiobraziliense.com.br\/vicente\/wp-content\/uploads\/sites\/16\/2019\/01\/GuedesBolsonaro.jpg\" alt=\"\" width=\"469\" height=\"312\" srcset=\"https:\/\/blogs.correiobraziliense.com.br\/vicente\/wp-content\/uploads\/sites\/16\/2019\/01\/GuedesBolsonaro.jpg 400w, https:\/\/blogs.correiobraziliense.com.br\/vicente\/wp-content\/uploads\/sites\/16\/2019\/01\/GuedesBolsonaro-300x200.jpg 300w, https:\/\/blogs.correiobraziliense.com.br\/vicente\/wp-content\/uploads\/sites\/16\/2019\/01\/GuedesBolsonaro-350x233.jpg 350w, https:\/\/blogs.correiobraziliense.com.br\/vicente\/wp-content\/uploads\/sites\/16\/2019\/01\/GuedesBolsonaro-230x153.jpg 230w\" sizes=\"auto, (max-width: 469px) 100vw, 469px\" \/><\/a><\/p>\n<p>Foto: Sergio Lima\/ AFP<\/p>\n<p>&nbsp;<\/p>\n<p>V\u00e1rios minist\u00e9rios, inclusive, j\u00e1 receberam a lista com todos os contratos que devem ser revistos e os valores que devem ser reduzidos. Desde a manh\u00e3 desta quarta-feira, 2 de janeiro, primeiro dia \u00fatil do governo Bolsonaro, ocupantes de cargos terceirizados foram dispensados assim que chegaram ao trabalho.<\/p>\n<p>&nbsp;<\/p>\n<p>Esse enxugamento dos terceirizados vai se estender pelas pr\u00f3ximas semanas. No total, o governo gasta R$ 25 bilh\u00f5es por ano com esses contratos, sendo que 20% disso com profissionais contratados pelas empresas. Al\u00e9m de custarem caros, os contratos s\u00e3o alvos de irregularidades. As empresas recebem o dinheiro, os donos somem com os recursos e os empregados ficam sem receber.<\/p>\n<p>&nbsp;<\/p>\n<p>As \u00e1reas que mais contratam terceirizados s\u00e3o Educa\u00e7\u00e3o, Sa\u00fade,Turismo, Esporte (incorporado pelo Minist\u00e9rio da Cidadania) e Integra\u00e7\u00e3o Nacional (agora, Desenvolvimento Regional), al\u00e9m da Secretaria de Comunica\u00e7\u00e3o, absorvida pela Secretaria de Governo.<\/p>\n<p>&nbsp;<\/p>\n<p>Est\u00e3o na mira terceirizados que trabalham \u00e1reas como limpeza, secretarias, manuten\u00e7\u00e3o, preven\u00e7\u00e3o, transporte e vigil\u00e2ncia. O novo governo acredita que h\u00e1 muita coisa errada nos contratos, sobretudo por causa do excesso de aditivos, v\u00e1rios deles\u00a0 com vig\u00eancia at\u00e9 julho de 2019.<\/p>\n<p>&nbsp;<\/p>\n<p>A maior parte dos contratos, diz um integrante do governo, passou por um amplo pente fino nos \u00faltimos dois meses. &#8220;N\u00e3o h\u00e1 necessidade de tantos gastos. Podemos reduzir significativamente esse valor anual de R$ 25 bilh\u00f5es&#8221;, ressalta um t\u00e9cnico da equipe do ministro da Economia, Paulo Guedes.<\/p>\n<p>&nbsp;<\/p>\n<p>Por conta da decis\u00e3o do governo, o clima est\u00e1 pesado na Esplanada. Muitos acreditam que a mesma regra de redu\u00e7\u00e3o de terceirizados deve valer para os ocupantes de cargos de DAS, sobretudo os de valores mais altos (n\u00edveis 5 e 6), que poder\u00e3o, agora, ser ocupados por servidores de carreira.<\/p>\n<p>&nbsp;<\/p>\n<p><em>Bras\u00edlia, 14h51min<\/em><\/p>\n","protected":false},"excerpt":{"rendered":"<p>Na tentativa de reduzir custos e acelerar o ajuste fiscal, o governo de Jair Bolsonaro determinou que todos os minist\u00e9rios diminuam os contratos com empresas terceirizadas. A ordem \u00e9 cortar &#8220;drasticamente&#8221; nessas despesas. Foi feito uma varredura nesses contratos durante o per\u00edodo de transi\u00e7\u00e3o. &nbsp; Foto: Sergio Lima\/ AFP &nbsp; V\u00e1rios minist\u00e9rios, inclusive, j\u00e1 receberam [&hellip;]<\/p>\n","protected":false},"author":22,"featured_media":0,"comment_status":"open","ping_status":"closed","sticky":false,"template":"","format":"standard","meta":{"footnotes":""},"categories":[600],"tags":[],"class_list":["post-9571","post","type-post","status-publish","format-standard","hentry","category-economia"],"_links":{"self":[{"href":"https:\/\/blogs.correiobraziliense.com.br\/vicente\/wp-json\/wp\/v2\/posts\/9571","targetHints":{"allow":["GET"]}}],"collection":[{"href":"https:\/\/blogs.correiobraziliense.com.br\/vicente\/wp-json\/wp\/v2\/posts"}],"about":[{"href":"https:\/\/blogs.correiobraziliense.com.br\/vicente\/wp-json\/wp\/v2\/types\/post"}],"author":[{"embeddable":true,"href":"https:\/\/blogs.correiobraziliense.com.br\/vicente\/wp-json\/wp\/v2\/users\/22"}],"replies":[{"embeddable":true,"href":"https:\/\/blogs.correiobraziliense.com.br\/vicente\/wp-json\/wp\/v2\/comments?post=9571"}],"version-history":[{"count":4,"href":"https:\/\/blogs.correiobraziliense.com.br\/vicente\/wp-json\/wp\/v2\/posts\/9571\/revisions"}],"predecessor-version":[{"id":9576,"href":"https:\/\/blogs.correiobraziliense.com.br\/vicente\/wp-json\/wp\/v2\/posts\/9571\/revisions\/9576"}],"wp:attachment":[{"href":"https:\/\/blogs.correiobraziliense.com.br\/vicente\/wp-json\/wp\/v2\/media?parent=9571"}],"wp:term":[{"taxonomy":"category","embeddable":true,"href":"https:\/\/blogs.correiobraziliense.com.br\/vicente\/wp-json\/wp\/v2\/categories?post=9571"},{"taxonomy":"post_tag","embeddable":true,"href":"https:\/\/blogs.correiobraziliense.com.br\/vicente\/wp-json\/wp\/v2\/tags?post=9571"}],"curies":[{"name":"wp","href":"https:\/\/api.w.org\/{rel}","templated":true}]}}