{"id":9565,"date":"2019-01-02T13:30:00","date_gmt":"2019-01-02T15:30:00","guid":{"rendered":"https:\/\/blogs.correiobraziliense.com.br\/vicente\/?p=9565"},"modified":"2019-01-02T16:25:21","modified_gmt":"2019-01-02T18:25:21","slug":"twitter-do-governo-divulga-foto-de-bolsonaro-com-mike-pompeo-embaixada-dos-eua-diz-que-foto-esta-errada","status":"publish","type":"post","link":"https:\/\/blogs.correiobraziliense.com.br\/vicente\/twitter-do-governo-divulga-foto-de-bolsonaro-com-mike-pompeo-embaixada-dos-eua-diz-que-foto-esta-errada\/","title":{"rendered":"Twitter do governo divulga foto de Bolsonaro com Mike Pompeo. Embaixada dos EUA diz que foto est\u00e1 errada"},"content":{"rendered":"<h2>O Pal\u00e1cio do Planalto cometeu uma gafe nesta quarta-feira, 2 de janeiro, ao publicar um Twitter, em ingl\u00eas, com a foto do encontro do presidente Jair Bolsonaro com o secret\u00e1rio de Estado dos Estados Unidos, Mike Pompeo.<\/h2>\n<p>&nbsp;<\/p>\n<p><a href=\"https:\/\/blogs.correiobraziliense.com.br\/vicente\/wp-content\/uploads\/sites\/16\/2019\/01\/Pompeu.jpg\"><img loading=\"lazy\" decoding=\"async\" class=\"alignnone size-full wp-image-9568\" src=\"https:\/\/blogs.correiobraziliense.com.br\/vicente\/wp-content\/uploads\/sites\/16\/2019\/01\/Pompeu.jpg\" alt=\"\" width=\"592\" height=\"934\" srcset=\"https:\/\/blogs.correiobraziliense.com.br\/vicente\/wp-content\/uploads\/sites\/16\/2019\/01\/Pompeu.jpg 592w, https:\/\/blogs.correiobraziliense.com.br\/vicente\/wp-content\/uploads\/sites\/16\/2019\/01\/Pompeu-190x300.jpg 190w, https:\/\/blogs.correiobraziliense.com.br\/vicente\/wp-content\/uploads\/sites\/16\/2019\/01\/Pompeu-222x350.jpg 222w, https:\/\/blogs.correiobraziliense.com.br\/vicente\/wp-content\/uploads\/sites\/16\/2019\/01\/Pompeu-550x868.jpg 550w, https:\/\/blogs.correiobraziliense.com.br\/vicente\/wp-content\/uploads\/sites\/16\/2019\/01\/Pompeu-230x363.jpg 230w\" sizes=\"auto, (max-width: 592px) 100vw, 592px\" \/>3<\/a><\/p>\n<p>&nbsp;<\/p>\n<p>Assim que tomou conhecimento da mensagem no Twitter, a Embaixada dos EUA no Brasil informou que a foto estava errada. Que n\u00e3o se tratava do secret\u00e1rio norte-americano.<\/p>\n<p>&nbsp;<\/p>\n<p>Logo depois, o pr\u00f3prio Pompeo divulgou, na sua rede social, a foto correta, ressaltando a import\u00e2ncia da aproxima\u00e7\u00e3o entre os Estados Unidos e o Brasil.<\/p>\n<p>&nbsp;<\/p>\n<p><a href=\"https:\/\/blogs.correiobraziliense.com.br\/vicente\/wp-content\/uploads\/sites\/16\/2019\/01\/Pompeu1.jpg\"><img loading=\"lazy\" decoding=\"async\" class=\"alignnone size-large wp-image-9569\" src=\"https:\/\/blogs.correiobraziliense.com.br\/vicente\/wp-content\/uploads\/sites\/16\/2019\/01\/Pompeu1-1024x683.jpg\" alt=\"\" width=\"1024\" height=\"683\" srcset=\"https:\/\/blogs.correiobraziliense.com.br\/vicente\/wp-content\/uploads\/sites\/16\/2019\/01\/Pompeu1-1024x683.jpg 1024w, https:\/\/blogs.correiobraziliense.com.br\/vicente\/wp-content\/uploads\/sites\/16\/2019\/01\/Pompeu1-300x200.jpg 300w, https:\/\/blogs.correiobraziliense.com.br\/vicente\/wp-content\/uploads\/sites\/16\/2019\/01\/Pompeu1-768x512.jpg 768w, https:\/\/blogs.correiobraziliense.com.br\/vicente\/wp-content\/uploads\/sites\/16\/2019\/01\/Pompeu1-350x233.jpg 350w, https:\/\/blogs.correiobraziliense.com.br\/vicente\/wp-content\/uploads\/sites\/16\/2019\/01\/Pompeu1-550x367.jpg 550w, https:\/\/blogs.correiobraziliense.com.br\/vicente\/wp-content\/uploads\/sites\/16\/2019\/01\/Pompeu1-230x153.jpg 230w, https:\/\/blogs.correiobraziliense.com.br\/vicente\/wp-content\/uploads\/sites\/16\/2019\/01\/Pompeu1.jpg 1200w\" sizes=\"auto, (max-width: 1024px) 100vw, 1024px\" \/><\/a><\/p>\n<p>&nbsp;<\/p>\n<p>Na ter\u00e7a-feira, 1\u00ba de janeiro, dia da posse na Presid\u00eancia da Rep\u00fablica, Bolsonaro vinculou um twitte dele a uma conta falsa de Donald Trump, presidente dos EUA.<\/p>\n<p>&nbsp;<\/p>\n<p>Os assessores presidenciais precisam ficar mais alertas.<\/p>\n<p>&nbsp;<\/p>\n<p><em>Bras\u00edlia, 13h30min<\/em><\/p>\n","protected":false},"excerpt":{"rendered":"<p>O Pal\u00e1cio do Planalto cometeu uma gafe nesta quarta-feira, 2 de janeiro, ao publicar um Twitter, em ingl\u00eas, com a foto do encontro do presidente Jair Bolsonaro com o secret\u00e1rio de Estado dos Estados Unidos, Mike Pompeo. &nbsp; 3 &nbsp; Assim que tomou conhecimento da mensagem no Twitter, a Embaixada dos EUA no Brasil informou [&hellip;]<\/p>\n","protected":false},"author":22,"featured_media":0,"comment_status":"open","ping_status":"closed","sticky":false,"template":"","format":"standard","meta":{"footnotes":""},"categories":[600],"tags":[],"class_list":["post-9565","post","type-post","status-publish","format-standard","hentry","category-economia"],"_links":{"self":[{"href":"https:\/\/blogs.correiobraziliense.com.br\/vicente\/wp-json\/wp\/v2\/posts\/9565","targetHints":{"allow":["GET"]}}],"collection":[{"href":"https:\/\/blogs.correiobraziliense.com.br\/vicente\/wp-json\/wp\/v2\/posts"}],"about":[{"href":"https:\/\/blogs.correiobraziliense.com.br\/vicente\/wp-json\/wp\/v2\/types\/post"}],"author":[{"embeddable":true,"href":"https:\/\/blogs.correiobraziliense.com.br\/vicente\/wp-json\/wp\/v2\/users\/22"}],"replies":[{"embeddable":true,"href":"https:\/\/blogs.correiobraziliense.com.br\/vicente\/wp-json\/wp\/v2\/comments?post=9565"}],"version-history":[{"count":2,"href":"https:\/\/blogs.correiobraziliense.com.br\/vicente\/wp-json\/wp\/v2\/posts\/9565\/revisions"}],"predecessor-version":[{"id":9577,"href":"https:\/\/blogs.correiobraziliense.com.br\/vicente\/wp-json\/wp\/v2\/posts\/9565\/revisions\/9577"}],"wp:attachment":[{"href":"https:\/\/blogs.correiobraziliense.com.br\/vicente\/wp-json\/wp\/v2\/media?parent=9565"}],"wp:term":[{"taxonomy":"category","embeddable":true,"href":"https:\/\/blogs.correiobraziliense.com.br\/vicente\/wp-json\/wp\/v2\/categories?post=9565"},{"taxonomy":"post_tag","embeddable":true,"href":"https:\/\/blogs.correiobraziliense.com.br\/vicente\/wp-json\/wp\/v2\/tags?post=9565"}],"curies":[{"name":"wp","href":"https:\/\/api.w.org\/{rel}","templated":true}]}}