{"id":9550,"date":"2019-01-01T23:01:13","date_gmt":"2019-01-02T01:01:13","guid":{"rendered":"https:\/\/blogs.correiobraziliense.com.br\/vicente\/?p=9550"},"modified":"2019-01-02T13:19:52","modified_gmt":"2019-01-02T15:19:52","slug":"funcoes-comissionadas-vao-substituir-das-de-alto-valor","status":"publish","type":"post","link":"https:\/\/blogs.correiobraziliense.com.br\/vicente\/funcoes-comissionadas-vao-substituir-das-de-alto-valor\/","title":{"rendered":"Fun\u00e7\u00f5es comissionadas v\u00e3o substituir DAS de alto valor"},"content":{"rendered":"<p>Dentro da reestrutura\u00e7\u00e3o que fez no governo, o presidente Jair Bolsonaro prop\u00f4s, por meio da Medida Provis\u00f3ria 870, editada nesta ter\u00e7a-feira, 1\u00ba de janeiro, a substitui\u00e7\u00e3o de cargos de DAS de n\u00edveis 5 e 6, hoje ocupados por pessoas de fora do servi\u00e7o p\u00fablico, por Fun\u00e7\u00f5es Comissionadas, destinadas a servidores p\u00fablicos. Esses DAS s\u00e3o os de maior valor na Esplanada.<\/p>\n<p>&nbsp;<\/p>\n<p>Ficou definido, por\u00e9m, que, nesse processo de substitui\u00e7\u00e3o, n\u00e3o poder\u00e1 haver aumento de despesas para o Tesouro Nacional. Ou seja, para cada fun\u00e7\u00e3o comissionada criada, ser\u00e1 extinto um DAS. Tal decis\u00e3o provocou burburinho enorme no governo. Muita gente que ocupa esses DAS de valor mais alto j\u00e1 est\u00e1 limpando as gavetas.<\/p>\n<p>&nbsp;<\/p>\n<p>A MP mant\u00e9m a proporcionalidade dos benef\u00edcios recebidos pelos ocupantes de DAS. Assim, quem vier a ocupar as novas fun\u00e7\u00f5es comissionadas, ter\u00e1 direito a aux\u00edlio-moradia proporcional. Resta saber, no caso dos servidores escolhidos para essas fun\u00e7\u00f5es, se eles j\u00e1 t\u00eam resid\u00eancia pr\u00f3pria no local onde est\u00e3o lotados.<\/p>\n<p>&nbsp;<\/p>\n<p>Na mesma MP, Bolsonaro autorizou a requisi\u00e7\u00e3o de servidores para a Controladoria-Geral da Uni\u00e3o (CGU), para o Instituto Nacional de Tecnologia da Informa\u00e7\u00e3o, para o Conselho de Controle de Atividades Financeiras (Coaf), para o Minist\u00e9rio da Justi\u00e7a e Seguran\u00e7a e para o Minist\u00e9rio da Mulher, da Fam\u00edlia e dos Direitos Humanos.<\/p>\n<p>&nbsp;<\/p>\n<p><em>Bras\u00edlia, 23h01min<\/em><\/p>\n","protected":false},"excerpt":{"rendered":"<p>Dentro da reestrutura\u00e7\u00e3o que fez no governo, o presidente Jair Bolsonaro prop\u00f4s, por meio da Medida Provis\u00f3ria 870, editada nesta ter\u00e7a-feira, 1\u00ba de janeiro, a substitui\u00e7\u00e3o de cargos de DAS de n\u00edveis 5 e 6, hoje ocupados por pessoas de fora do servi\u00e7o p\u00fablico, por Fun\u00e7\u00f5es Comissionadas, destinadas a servidores p\u00fablicos. Esses DAS s\u00e3o os [&hellip;]<\/p>\n","protected":false},"author":22,"featured_media":0,"comment_status":"open","ping_status":"closed","sticky":false,"template":"","format":"standard","meta":{"footnotes":""},"categories":[600],"tags":[],"class_list":["post-9550","post","type-post","status-publish","format-standard","hentry","category-economia"],"_links":{"self":[{"href":"https:\/\/blogs.correiobraziliense.com.br\/vicente\/wp-json\/wp\/v2\/posts\/9550","targetHints":{"allow":["GET"]}}],"collection":[{"href":"https:\/\/blogs.correiobraziliense.com.br\/vicente\/wp-json\/wp\/v2\/posts"}],"about":[{"href":"https:\/\/blogs.correiobraziliense.com.br\/vicente\/wp-json\/wp\/v2\/types\/post"}],"author":[{"embeddable":true,"href":"https:\/\/blogs.correiobraziliense.com.br\/vicente\/wp-json\/wp\/v2\/users\/22"}],"replies":[{"embeddable":true,"href":"https:\/\/blogs.correiobraziliense.com.br\/vicente\/wp-json\/wp\/v2\/comments?post=9550"}],"version-history":[{"count":1,"href":"https:\/\/blogs.correiobraziliense.com.br\/vicente\/wp-json\/wp\/v2\/posts\/9550\/revisions"}],"predecessor-version":[{"id":9551,"href":"https:\/\/blogs.correiobraziliense.com.br\/vicente\/wp-json\/wp\/v2\/posts\/9550\/revisions\/9551"}],"wp:attachment":[{"href":"https:\/\/blogs.correiobraziliense.com.br\/vicente\/wp-json\/wp\/v2\/media?parent=9550"}],"wp:term":[{"taxonomy":"category","embeddable":true,"href":"https:\/\/blogs.correiobraziliense.com.br\/vicente\/wp-json\/wp\/v2\/categories?post=9550"},{"taxonomy":"post_tag","embeddable":true,"href":"https:\/\/blogs.correiobraziliense.com.br\/vicente\/wp-json\/wp\/v2\/tags?post=9550"}],"curies":[{"name":"wp","href":"https:\/\/api.w.org\/{rel}","templated":true}]}}