{"id":9548,"date":"2019-01-01T22:35:16","date_gmt":"2019-01-02T00:35:16","guid":{"rendered":"https:\/\/blogs.correiobraziliense.com.br\/vicente\/?p=9548"},"modified":"2019-01-01T23:27:53","modified_gmt":"2019-01-02T01:27:53","slug":"bolsonaro-muda-estrutura-do-conselho-monetario-nacional","status":"publish","type":"post","link":"https:\/\/blogs.correiobraziliense.com.br\/vicente\/bolsonaro-muda-estrutura-do-conselho-monetario-nacional\/","title":{"rendered":"Bolsonaro muda estrutura do Conselho Monet\u00e1rio Nacional"},"content":{"rendered":"<h2>A Medida Provis\u00f3ria 870, assinada nesta nesta ter\u00e7a-feira, 1\u00ba de janeiro, pelo presidente Jair Bolsonaro, mudou a estrutura do Conselho Monet\u00e1rio Nacional (CMN), respons\u00e1vel por definir as metas de infla\u00e7\u00e3o e as regras de funcionamento do mercado financeiro.<\/h2>\n<p>&nbsp;<\/p>\n<p>Como o Minist\u00e9rio do Planejamento foi extinto, dentro da reestrutura\u00e7\u00e3o do governo, a vaga que caberia ao chefe da pasta ficou com o secret\u00e1rio Especial de Fazenda do Minist\u00e9rio da Economia, Walderi Rodrigues J\u00fanior.<\/p>\n<p>&nbsp;<\/p>\n<p>Paulo Guedes, ministro da Economia, ser\u00e1 o presidente do Conselho. A outra vaga ficou com o presidente do Banco Central. Enquanto n\u00e3o tiver seu nome aprovado pela Comiss\u00e3o de Assuntos Econ\u00f4micos do Senado (CAE) para a presid\u00eancia do BC, Roberto Campos Neto n\u00e3o poder\u00e1 ocupar seu assento no CMN.<\/p>\n<p>&nbsp;<\/p>\n<p>Os tr\u00eas ser\u00e3o assessorados pelos secret\u00e1rios executivo (Marcelo Guaranys), do Tesouro Nacional (Mansueto Almeida) e Pol\u00edtica Econ\u00f4mica (Adolfo Sachsida). Eles compor\u00e3o a equipe t\u00e9cnica do CMN.<\/p>\n<p>&nbsp;<\/p>\n<p><em>Bras\u00edlia, 22h35min<\/em><\/p>\n","protected":false},"excerpt":{"rendered":"<p>A Medida Provis\u00f3ria 870, assinada nesta nesta ter\u00e7a-feira, 1\u00ba de janeiro, pelo presidente Jair Bolsonaro, mudou a estrutura do Conselho Monet\u00e1rio Nacional (CMN), respons\u00e1vel por definir as metas de infla\u00e7\u00e3o e as regras de funcionamento do mercado financeiro. &nbsp; Como o Minist\u00e9rio do Planejamento foi extinto, dentro da reestrutura\u00e7\u00e3o do governo, a vaga que caberia [&hellip;]<\/p>\n","protected":false},"author":22,"featured_media":0,"comment_status":"open","ping_status":"closed","sticky":false,"template":"","format":"standard","meta":{"footnotes":""},"categories":[600],"tags":[],"class_list":["post-9548","post","type-post","status-publish","format-standard","hentry","category-economia"],"_links":{"self":[{"href":"https:\/\/blogs.correiobraziliense.com.br\/vicente\/wp-json\/wp\/v2\/posts\/9548","targetHints":{"allow":["GET"]}}],"collection":[{"href":"https:\/\/blogs.correiobraziliense.com.br\/vicente\/wp-json\/wp\/v2\/posts"}],"about":[{"href":"https:\/\/blogs.correiobraziliense.com.br\/vicente\/wp-json\/wp\/v2\/types\/post"}],"author":[{"embeddable":true,"href":"https:\/\/blogs.correiobraziliense.com.br\/vicente\/wp-json\/wp\/v2\/users\/22"}],"replies":[{"embeddable":true,"href":"https:\/\/blogs.correiobraziliense.com.br\/vicente\/wp-json\/wp\/v2\/comments?post=9548"}],"version-history":[{"count":4,"href":"https:\/\/blogs.correiobraziliense.com.br\/vicente\/wp-json\/wp\/v2\/posts\/9548\/revisions"}],"predecessor-version":[{"id":9558,"href":"https:\/\/blogs.correiobraziliense.com.br\/vicente\/wp-json\/wp\/v2\/posts\/9548\/revisions\/9558"}],"wp:attachment":[{"href":"https:\/\/blogs.correiobraziliense.com.br\/vicente\/wp-json\/wp\/v2\/media?parent=9548"}],"wp:term":[{"taxonomy":"category","embeddable":true,"href":"https:\/\/blogs.correiobraziliense.com.br\/vicente\/wp-json\/wp\/v2\/categories?post=9548"},{"taxonomy":"post_tag","embeddable":true,"href":"https:\/\/blogs.correiobraziliense.com.br\/vicente\/wp-json\/wp\/v2\/tags?post=9548"}],"curies":[{"name":"wp","href":"https:\/\/api.w.org\/{rel}","templated":true}]}}