{"id":9546,"date":"2019-01-01T22:15:17","date_gmt":"2019-01-02T00:15:17","guid":{"rendered":"https:\/\/blogs.correiobraziliense.com.br\/vicente\/?p=9546"},"modified":"2019-01-01T23:30:42","modified_gmt":"2019-01-02T01:30:42","slug":"bolsonaro-edita-mp-que-define-a-nova-estrutura-do-governo","status":"publish","type":"post","link":"https:\/\/blogs.correiobraziliense.com.br\/vicente\/bolsonaro-edita-mp-que-define-a-nova-estrutura-do-governo\/","title":{"rendered":"Bolsonaro edita MP que define a nova estrutura do governo"},"content":{"rendered":"<h2>A caneta Bic com que Jair Bolsonaro assinou seu termo de posse na Presid\u00eancia da Rep\u00fablica se mostrou afiada. T\u00e3o logo acabaram as atividades da posse, ele assinou a Medida Provis\u00f3ria n\u00ba 870, que estabelece a nova estrutura do governo e suas respectivas atribui\u00e7\u00f5es. Tamb\u00e9m assinou um decreto por meio do qual define os \u00f3rg\u00e3os que estar\u00e3o vinculados a cada minist\u00e9rio.<\/h2>\n<p>&nbsp;<\/p>\n<p>A Empresa Brasil de Comunica\u00e7\u00e3o (EBC) ficar\u00e1 subordinada \u00e0 Secretaria de Governo, que cuidar\u00e1 de toda a comunica\u00e7\u00e3o do governo. O Instituto Nacional de Tecnologia da Informa\u00e7\u00e3o (ITI) ficou com a Casa Civil. O Instituto Nacional de Coloniza\u00e7\u00e3o e Reforma Agr\u00e1ria (Incra) foi incorporado \u00e0 estrutura do Minist\u00e9rio da Agricultura.<\/p>\n<p>&nbsp;<\/p>\n<p>O Minist\u00e9rio da Cidadania absorve, por exemplo, a Ag\u00eancia Nacional do Cinema (Ancine), a Autoridade de Governan\u00e7a do Legado Ol\u00edmpico (Aglo) e o Instituto do Patrim\u00f4nio Hist\u00f3rico e Art\u00edstico Nacional (Iphan).\u00a0 No Minist\u00e9rio da Economia \u2014 fus\u00e3o entre Fazenda, Planejamento, Trabalho e Ind\u00fastria e Com\u00e9rcio \u2014 ficar\u00e1 o Instituto Nacional do Seguro Social (INSS).<\/p>\n<p>&nbsp;<\/p>\n<p>O objetivo dessa MP e do decreto \u00e9 permitir a redistribui\u00e7\u00e3o de pessoal e de verbas do Or\u00e7amento. Como v\u00e1rias pastas foram extintas ou fundidas, o governo tinha que encaminhar ao Congresso a MP ratificando a aloca\u00e7\u00e3o correta dos recursos. Se n\u00e3o fizesse isso, a m\u00e1quina pararia, al\u00e9m de criar inseguran\u00e7a jur\u00eddica.<\/p>\n<p>&nbsp;<\/p>\n<p><em>Bras\u00edlia, 22h15min<\/em><\/p>\n","protected":false},"excerpt":{"rendered":"<p>A caneta Bic com que Jair Bolsonaro assinou seu termo de posse na Presid\u00eancia da Rep\u00fablica se mostrou afiada. T\u00e3o logo acabaram as atividades da posse, ele assinou a Medida Provis\u00f3ria n\u00ba 870, que estabelece a nova estrutura do governo e suas respectivas atribui\u00e7\u00f5es. Tamb\u00e9m assinou um decreto por meio do qual define os \u00f3rg\u00e3os [&hellip;]<\/p>\n","protected":false},"author":22,"featured_media":0,"comment_status":"open","ping_status":"closed","sticky":false,"template":"","format":"standard","meta":{"footnotes":""},"categories":[600],"tags":[],"class_list":["post-9546","post","type-post","status-publish","format-standard","hentry","category-economia"],"_links":{"self":[{"href":"https:\/\/blogs.correiobraziliense.com.br\/vicente\/wp-json\/wp\/v2\/posts\/9546","targetHints":{"allow":["GET"]}}],"collection":[{"href":"https:\/\/blogs.correiobraziliense.com.br\/vicente\/wp-json\/wp\/v2\/posts"}],"about":[{"href":"https:\/\/blogs.correiobraziliense.com.br\/vicente\/wp-json\/wp\/v2\/types\/post"}],"author":[{"embeddable":true,"href":"https:\/\/blogs.correiobraziliense.com.br\/vicente\/wp-json\/wp\/v2\/users\/22"}],"replies":[{"embeddable":true,"href":"https:\/\/blogs.correiobraziliense.com.br\/vicente\/wp-json\/wp\/v2\/comments?post=9546"}],"version-history":[{"count":4,"href":"https:\/\/blogs.correiobraziliense.com.br\/vicente\/wp-json\/wp\/v2\/posts\/9546\/revisions"}],"predecessor-version":[{"id":9559,"href":"https:\/\/blogs.correiobraziliense.com.br\/vicente\/wp-json\/wp\/v2\/posts\/9546\/revisions\/9559"}],"wp:attachment":[{"href":"https:\/\/blogs.correiobraziliense.com.br\/vicente\/wp-json\/wp\/v2\/media?parent=9546"}],"wp:term":[{"taxonomy":"category","embeddable":true,"href":"https:\/\/blogs.correiobraziliense.com.br\/vicente\/wp-json\/wp\/v2\/categories?post=9546"},{"taxonomy":"post_tag","embeddable":true,"href":"https:\/\/blogs.correiobraziliense.com.br\/vicente\/wp-json\/wp\/v2\/tags?post=9546"}],"curies":[{"name":"wp","href":"https:\/\/api.w.org\/{rel}","templated":true}]}}