{"id":9544,"date":"2019-01-01T21:59:27","date_gmt":"2019-01-01T23:59:27","guid":{"rendered":"https:\/\/blogs.correiobraziliense.com.br\/vicente\/?p=9544"},"modified":"2019-01-01T23:24:03","modified_gmt":"2019-01-02T01:24:03","slug":"bolsonaro-envia-mensagem-ao-senado-indicado-roberto-campos-neto-para-o-bc","status":"publish","type":"post","link":"https:\/\/blogs.correiobraziliense.com.br\/vicente\/bolsonaro-envia-mensagem-ao-senado-indicado-roberto-campos-neto-para-o-bc\/","title":{"rendered":"Bolsonaro envia mensagem ao Senado indicado Roberto Campos Neto para o BC"},"content":{"rendered":"<p>O presidente Jair Bolsonaro encaminhou sua primeira mensagem ao Senado. No documento, ele pede a aprecia\u00e7\u00e3o do nome do economista Roberto Campos Neto para a presid\u00eancia do Banco Central, em substitui\u00e7\u00e3o a Ilan Goldfajn.<\/p>\n<p>&nbsp;<\/p>\n<p>Campos Neto ter\u00e1 que ser sabatinado pela Comiss\u00e3o de Assuntos Econ\u00f4micos do Senado (CAE). A expectativa de Bolsonaro \u00e9 de que a aprova\u00e7\u00e3o ocorra ainda em fevereiro. Como ainda n\u00e3o teve aval dos parlamentares, Campos Neto n\u00e3o p\u00f4de posar para a foto oficial de ministros feita nesta ter\u00e7a-feira, 1\u00ba de janeiro.<\/p>\n<p>&nbsp;<\/p>\n<p>At\u00e9 ser indicado para a presid\u00eancia do BC, Campos Neto respondia pela \u00e1rea de Tesouraria do Banco Santander. Uma de suas principais miss\u00f5es ser\u00e1 a aprova\u00e7\u00e3o do projeto que d\u00e1 autonomia formal para a autoridade monet\u00e1ria. Ilan tentou fazer esse projeto avan\u00e7ar, mas n\u00e3o conseguiu.<\/p>\n<p>&nbsp;<\/p>\n<p>O projeto de um BC independente, na vis\u00e3o de Campos Neto, dar\u00e1 maior peso \u00e0 pol\u00edtica monet\u00e1ria, pois tirar\u00e1 todo risco de interven\u00e7\u00e3o do Planalto na taxa b\u00e1sica de juros (Selic), que est\u00e1 em 6,5%, o n\u00edvel mais baixo da hist\u00f3rica.<\/p>\n<p>&nbsp;<\/p>\n<p>O futuro presidente do BC \u00e9 neto do lend\u00e1rio economista Roberto Campos, que foi ministro do Planejamento durante a ditadura. Campos \u00e9 a maior refer\u00eancia do ministro da Economia, Paulo Guedes, a quem coube indicar Campos Neto para o Banco Central.<\/p>\n<p>&nbsp;<\/p>\n<p><em>Bras\u00edlia, 21h59min<\/em><\/p>\n","protected":false},"excerpt":{"rendered":"<p>O presidente Jair Bolsonaro encaminhou sua primeira mensagem ao Senado. No documento, ele pede a aprecia\u00e7\u00e3o do nome do economista Roberto Campos Neto para a presid\u00eancia do Banco Central, em substitui\u00e7\u00e3o a Ilan Goldfajn. &nbsp; Campos Neto ter\u00e1 que ser sabatinado pela Comiss\u00e3o de Assuntos Econ\u00f4micos do Senado (CAE). A expectativa de Bolsonaro \u00e9 de [&hellip;]<\/p>\n","protected":false},"author":22,"featured_media":0,"comment_status":"open","ping_status":"closed","sticky":false,"template":"","format":"standard","meta":{"footnotes":""},"categories":[600],"tags":[],"class_list":["post-9544","post","type-post","status-publish","format-standard","hentry","category-economia"],"_links":{"self":[{"href":"https:\/\/blogs.correiobraziliense.com.br\/vicente\/wp-json\/wp\/v2\/posts\/9544","targetHints":{"allow":["GET"]}}],"collection":[{"href":"https:\/\/blogs.correiobraziliense.com.br\/vicente\/wp-json\/wp\/v2\/posts"}],"about":[{"href":"https:\/\/blogs.correiobraziliense.com.br\/vicente\/wp-json\/wp\/v2\/types\/post"}],"author":[{"embeddable":true,"href":"https:\/\/blogs.correiobraziliense.com.br\/vicente\/wp-json\/wp\/v2\/users\/22"}],"replies":[{"embeddable":true,"href":"https:\/\/blogs.correiobraziliense.com.br\/vicente\/wp-json\/wp\/v2\/comments?post=9544"}],"version-history":[{"count":3,"href":"https:\/\/blogs.correiobraziliense.com.br\/vicente\/wp-json\/wp\/v2\/posts\/9544\/revisions"}],"predecessor-version":[{"id":9553,"href":"https:\/\/blogs.correiobraziliense.com.br\/vicente\/wp-json\/wp\/v2\/posts\/9544\/revisions\/9553"}],"wp:attachment":[{"href":"https:\/\/blogs.correiobraziliense.com.br\/vicente\/wp-json\/wp\/v2\/media?parent=9544"}],"wp:term":[{"taxonomy":"category","embeddable":true,"href":"https:\/\/blogs.correiobraziliense.com.br\/vicente\/wp-json\/wp\/v2\/categories?post=9544"},{"taxonomy":"post_tag","embeddable":true,"href":"https:\/\/blogs.correiobraziliense.com.br\/vicente\/wp-json\/wp\/v2\/tags?post=9544"}],"curies":[{"name":"wp","href":"https:\/\/api.w.org\/{rel}","templated":true}]}}