{"id":9530,"date":"2018-12-28T17:15:18","date_gmt":"2018-12-28T19:15:18","guid":{"rendered":"https:\/\/blogs.correiobraziliense.com.br\/vicente\/?p=9530"},"modified":"2018-12-28T18:23:33","modified_gmt":"2018-12-28T20:23:33","slug":"ronaldo-nogueira-ex-ministro-de-temer-vai-comandar-a-funasa","status":"publish","type":"post","link":"https:\/\/blogs.correiobraziliense.com.br\/vicente\/ronaldo-nogueira-ex-ministro-de-temer-vai-comandar-a-funasa\/","title":{"rendered":"Ronaldo Nogueira, ex-ministro de Temer, vai comandar a Funasa"},"content":{"rendered":"<p>RODOLFO COSTA E\u00a0 OT\u00c1VIO AUGUSTO<\/p>\n<p>&nbsp;<\/p>\n<p>O deputado Ronaldo Nogueira (PTB-RS), ex-ministro do Trabalho, ser\u00e1 presidente da Funda\u00e7\u00e3o Nacional de Sa\u00fade (Funasa). A indica\u00e7\u00e3o do parlamentar vem dos futuros ministros da Sa\u00fade, Luiz Henrique Mandetta (DEM), e da Casa Civil, Onyx Lorenzoni (DEM). a\u00a0sugest\u00e3o do nome teve o aval do presidente eleito, Jair Bolsonaro (PSL), que faz boa avalia\u00e7\u00e3o da gest\u00e3o do parlamentar.<\/p>\n<p>&nbsp;<\/p>\n<p>\u00c0 frente do Minist\u00e9rio do Trabalho, Nogueira foi protagonista na formula\u00e7\u00e3o da reforma trabalhista encaminhada pelo governo do presidente Michel Temer (MDB) ao Congresso Nacional. O texto foi modificado no substitutivo do relator da mat\u00e9ria na C\u00e2mara, deputado\u00a0 Rog\u00e9rio Marinho (PSDB-RN), mas parte da espinha dorsal do texto, a preval\u00eancia do \u201cacordado sobre o legislado\u201d, foi mantida.<\/p>\n<p>&nbsp;<\/p>\n<p>A ida de Nogueira para a Funasa sela, pelo menos por enquanto, uma pol\u00eamica no processo de transi\u00e7\u00e3o. O governo eleito estudou migrar a autarquia vinculada ao Minist\u00e9rio da Sa\u00fade para outra pasta, ou at\u00e9 mesmo extingui-la. Oficialmente, ningu\u00e9m comentou a possibilidade. O pr\u00f3prio Mandetta n\u00e3o falou sobre tal hip\u00f3tese, disse apenas que tudo estava sendo meticulosamente estudado.<\/p>\n<p>&nbsp;<\/p>\n<p>Uma\u00a0poss\u00edvel transfer\u00eancia da Funasa ou at\u00e9 extin\u00e7\u00e3o do \u00f3rg\u00e3o preocupou servidores e demais colaboradores. Em mat\u00e9ria publicada pelo <strong>Correio<\/strong>,\u00a0em 7 de dezembro, integrantes confidenciaram que Mandetta avaliava n\u00e3o ter necessidade manter a estrutura diante da exist\u00eancia de um minist\u00e9rio com a atribui\u00e7\u00e3o das atividades exercidas pela autarquia, o de Desenvolvimento Regional.<\/p>\n<p>&nbsp;<\/p>\n<p>A Funasa foi criada h\u00e1 28 anos para promover saneamento b\u00e1sico \u00e0 popula\u00e7\u00e3o, uma das atribui\u00e7\u00f5es do futuro minist\u00e9rio do Desenvolvimento Regional. Mandetta avaliou a situa\u00e7\u00e3o da autarquia com base em estudos e an\u00e1lises do Tribunal de Contas da Uni\u00e3o (TCU). No fim das contas, o futuro ministro da Sa\u00fade e Lorenzoni avaliaram que ser\u00e1 positivo absorver a expertise de Nogueira no governo.<\/p>\n<p>&nbsp;<\/p>\n<p>\u201cRonaldo \u00e9 do Rio Grande do Sul e tem alinhamento com Onyx. Al\u00e9m da proximidade, a gest\u00e3o desempenhada \u00e0 frente do Trabalho foi bem avaliada para a decis\u00e3o, que teve o respaldo de Mandetta\u201d, afirmou um integrante da transi\u00e7\u00e3o.<\/p>\n<p>&nbsp;<\/p>\n<p>A decis\u00e3o pegou de surpresa at\u00e9 mesmo superintendentes estaduais da Funasa. Quatro deles foram procurados pelo <strong>Blog<\/strong> e n\u00e3o estavam sabendo da novidade.<\/p>\n","protected":false},"excerpt":{"rendered":"<p>RODOLFO COSTA E\u00a0 OT\u00c1VIO AUGUSTO &nbsp; O deputado Ronaldo Nogueira (PTB-RS), ex-ministro do Trabalho, ser\u00e1 presidente da Funda\u00e7\u00e3o Nacional de Sa\u00fade (Funasa). A indica\u00e7\u00e3o do parlamentar vem dos futuros ministros da Sa\u00fade, Luiz Henrique Mandetta (DEM), e da Casa Civil, Onyx Lorenzoni (DEM). a\u00a0sugest\u00e3o do nome teve o aval do presidente eleito, Jair Bolsonaro (PSL), [&hellip;]<\/p>\n","protected":false},"author":22,"featured_media":0,"comment_status":"open","ping_status":"closed","sticky":false,"template":"","format":"standard","meta":{"footnotes":""},"categories":[600],"tags":[],"class_list":["post-9530","post","type-post","status-publish","format-standard","hentry","category-economia"],"_links":{"self":[{"href":"https:\/\/blogs.correiobraziliense.com.br\/vicente\/wp-json\/wp\/v2\/posts\/9530","targetHints":{"allow":["GET"]}}],"collection":[{"href":"https:\/\/blogs.correiobraziliense.com.br\/vicente\/wp-json\/wp\/v2\/posts"}],"about":[{"href":"https:\/\/blogs.correiobraziliense.com.br\/vicente\/wp-json\/wp\/v2\/types\/post"}],"author":[{"embeddable":true,"href":"https:\/\/blogs.correiobraziliense.com.br\/vicente\/wp-json\/wp\/v2\/users\/22"}],"replies":[{"embeddable":true,"href":"https:\/\/blogs.correiobraziliense.com.br\/vicente\/wp-json\/wp\/v2\/comments?post=9530"}],"version-history":[{"count":1,"href":"https:\/\/blogs.correiobraziliense.com.br\/vicente\/wp-json\/wp\/v2\/posts\/9530\/revisions"}],"predecessor-version":[{"id":9531,"href":"https:\/\/blogs.correiobraziliense.com.br\/vicente\/wp-json\/wp\/v2\/posts\/9530\/revisions\/9531"}],"wp:attachment":[{"href":"https:\/\/blogs.correiobraziliense.com.br\/vicente\/wp-json\/wp\/v2\/media?parent=9530"}],"wp:term":[{"taxonomy":"category","embeddable":true,"href":"https:\/\/blogs.correiobraziliense.com.br\/vicente\/wp-json\/wp\/v2\/categories?post=9530"},{"taxonomy":"post_tag","embeddable":true,"href":"https:\/\/blogs.correiobraziliense.com.br\/vicente\/wp-json\/wp\/v2\/tags?post=9530"}],"curies":[{"name":"wp","href":"https:\/\/api.w.org\/{rel}","templated":true}]}}