{"id":9524,"date":"2018-12-21T22:24:11","date_gmt":"2018-12-22T00:24:11","guid":{"rendered":"https:\/\/blogs.correiobraziliense.com.br\/vicente\/?p=9524"},"modified":"2018-12-21T22:25:54","modified_gmt":"2018-12-22T00:25:54","slug":"bolsonaro-confirma-alex-carreiro-para-a-presidencia-da-apex","status":"publish","type":"post","link":"https:\/\/blogs.correiobraziliense.com.br\/vicente\/bolsonaro-confirma-alex-carreiro-para-a-presidencia-da-apex\/","title":{"rendered":"Bolsonaro confirma Alex Carreiro para a presid\u00eancia da Apex"},"content":{"rendered":"<h2>ROSANA HESSEL<\/h2>\n<h2>RODOLFO COSTA<\/h2>\n<h2>O presidente eleito Jair Bolsonaro bateu o martelo com o futuro ministro das Rela\u00e7\u00f5es Exteriores (MRE), Ernesto Ara\u00fajo, sobre o nome para a presid\u00eancia da Ag\u00eancia Brasileira de Promo\u00e7\u00e3o de Exporta\u00e7\u00f5es e Investimentos (Apex). O escolhido foi o gestor p\u00fablico Alex Carreiro, que havia sido indicado por Ara\u00fajo ao deputado federal no \u00faltimo dia 6.<\/h2>\n<h2><\/h2>\n<p>O novo titular do MRE, inclusive,\u00a0 postou em seu perfil do Twitter sobre a sugest\u00e3o para o comando da ag\u00eancia que integra o Sistema S e est\u00e1 subordinada \u00e0 pasta desde 2016. Ara\u00fajo ainda escreveu que a Apex \u201cpermanecer\u00e1 vinculada ao Itamaraty e atuar\u00e1 em estreita coordena\u00e7\u00e3o com o todo o governo\u201d.<\/p>\n<p>&nbsp;<\/p>\n<p>Procurado pelo <strong>Blog<\/strong>, Carreiro confirmou a informa\u00e7\u00e3o e demonstrou estar bastante empolgado com o desafio \u00e0 frente da Apex. Ele refor\u00e7ou que o fato de ser especializado em gest\u00e3o p\u00fablica, com experi\u00eancia\u00a0 junto ao Sebrae (Servi\u00e7o Brasileiro de Apoio \u00e0s Micro e Pequenas Empresas) e ao setor portu\u00e1rio e com bom tr\u00e2nsito pela Esplanada, ser\u00e3o o pontos do trip\u00e9 das mudan\u00e7as que pretende realizar na ag\u00eancia. \u201cNossa proposta \u00e9 deixar a Apex mais pr\u00f3xima do setor produtivo, influenciando, por consequ\u00eancia o aumento da produ\u00e7\u00e3o e da desburocratiza\u00e7\u00e3o de algumas medidas que podem embarreirar as exporta\u00e7\u00f5es. Queremos uma ag\u00eancia mais propositiva e atuante na cadeia exportadora, buscando trazer investimentos para o pa\u00eds e fomentar as exporta\u00e7\u00f5es\u201d, disse ele, acrescentando que n\u00e3o teve passagem pelo programa televisivo \u201cO Aprendiz\u201d, conforme algumas informa\u00e7\u00f5es que circularam erroneamente.<\/p>\n<p>&nbsp;<\/p>\n<p>Fundada em 2003, a Apex\u00a0era vinculada ao Minist\u00e9rio da Ind\u00fastria, Com\u00e9rcio Exterior e Servi\u00e7os (Mdic) at\u00e9 ser transferida em 2016 para o MRE, no governo de Michel Temer. Ao longo desse per\u00edodo de transi\u00e7\u00e3o, havia d\u00favidas entre os t\u00e9cnicos do governo atual e do novo se a ag\u00eancia continuaria subordinada ao Itamaraty. Cogitava-se, inclusive, a mudan\u00e7a da Apex para o chap\u00e9u do Minist\u00e9rio da Economia, que ser\u00e1 comandado pelo economista Paulo Guedes.<\/p>\n<p>&nbsp;<\/p>\n<p><em>Bras\u00edlia 22h01<\/em><\/p>\n","protected":false},"excerpt":{"rendered":"<p>ROSANA HESSEL RODOLFO COSTA O presidente eleito Jair Bolsonaro bateu o martelo com o futuro ministro das Rela\u00e7\u00f5es Exteriores (MRE), Ernesto Ara\u00fajo, sobre o nome para a presid\u00eancia da Ag\u00eancia Brasileira de Promo\u00e7\u00e3o de Exporta\u00e7\u00f5es e Investimentos (Apex). O escolhido foi o gestor p\u00fablico Alex Carreiro, que havia sido indicado por Ara\u00fajo ao deputado federal [&hellip;]<\/p>\n","protected":false},"author":22,"featured_media":0,"comment_status":"open","ping_status":"closed","sticky":false,"template":"","format":"standard","meta":{"footnotes":""},"categories":[600],"tags":[3650,3648,2554,3649,329],"class_list":["post-9524","post","type-post","status-publish","format-standard","hentry","category-economia","tag-alex-carreiro","tag-apex","tag-bolsonaro","tag-ernesto-araujo","tag-itamaraty"],"_links":{"self":[{"href":"https:\/\/blogs.correiobraziliense.com.br\/vicente\/wp-json\/wp\/v2\/posts\/9524","targetHints":{"allow":["GET"]}}],"collection":[{"href":"https:\/\/blogs.correiobraziliense.com.br\/vicente\/wp-json\/wp\/v2\/posts"}],"about":[{"href":"https:\/\/blogs.correiobraziliense.com.br\/vicente\/wp-json\/wp\/v2\/types\/post"}],"author":[{"embeddable":true,"href":"https:\/\/blogs.correiobraziliense.com.br\/vicente\/wp-json\/wp\/v2\/users\/22"}],"replies":[{"embeddable":true,"href":"https:\/\/blogs.correiobraziliense.com.br\/vicente\/wp-json\/wp\/v2\/comments?post=9524"}],"version-history":[{"count":2,"href":"https:\/\/blogs.correiobraziliense.com.br\/vicente\/wp-json\/wp\/v2\/posts\/9524\/revisions"}],"predecessor-version":[{"id":9526,"href":"https:\/\/blogs.correiobraziliense.com.br\/vicente\/wp-json\/wp\/v2\/posts\/9524\/revisions\/9526"}],"wp:attachment":[{"href":"https:\/\/blogs.correiobraziliense.com.br\/vicente\/wp-json\/wp\/v2\/media?parent=9524"}],"wp:term":[{"taxonomy":"category","embeddable":true,"href":"https:\/\/blogs.correiobraziliense.com.br\/vicente\/wp-json\/wp\/v2\/categories?post=9524"},{"taxonomy":"post_tag","embeddable":true,"href":"https:\/\/blogs.correiobraziliense.com.br\/vicente\/wp-json\/wp\/v2\/tags?post=9524"}],"curies":[{"name":"wp","href":"https:\/\/api.w.org\/{rel}","templated":true}]}}