{"id":9512,"date":"2018-12-21T15:17:58","date_gmt":"2018-12-21T17:17:58","guid":{"rendered":"https:\/\/blogs.correiobraziliense.com.br\/vicente\/?p=9512"},"modified":"2018-12-21T15:28:53","modified_gmt":"2018-12-21T17:28:53","slug":"embaixador-acusado-de-assedio-e-suspenso-por-85-dias-sem-remuneracao","status":"publish","type":"post","link":"https:\/\/blogs.correiobraziliense.com.br\/vicente\/embaixador-acusado-de-assedio-e-suspenso-por-85-dias-sem-remuneracao\/","title":{"rendered":"Embaixador acusado de ass\u00e9dio \u00e9 suspenso por 85 dias sem remunera\u00e7\u00e3o"},"content":{"rendered":"<h2>HAMILTON FERRARI<\/h2>\n<h2>O ministro das Rela\u00e7\u00f5es Exteriores, Aloysio Nunes, suspendeu por 85 dias sem remunera\u00e7\u00e3o o embaixador Jo\u00e3o Carlos de Souza-Gomes, que passa por um processo administrativo disciplinar ap\u00f3s relatos de ass\u00e9dio sexual. A publica\u00e7\u00e3o foi feita no Di\u00e1rio Oficial da Uni\u00e3o (DOU) na manh\u00e3 desta sexta-feira (21\/12).<\/h2>\n<p>&nbsp;<\/p>\n<p>Souza-Gomes foi suspenso \u201cpelo descumprimento dos deveres funcionais\u201d. Em mar\u00e7o, o diplomata j\u00e1 havia sido removido do cargo de embaixador na Organiza\u00e7\u00e3o das Na\u00e7\u00f5es Unidas para Alimenta\u00e7\u00e3o e Agricultura (FAO). Ele representava o Brasil em Roma, mas, ap\u00f3s os relatos de ass\u00e9dio, retornou ao quadro de servidores do Itamaraty, em Bras\u00edlia.<\/p>\n<p>&nbsp;<\/p>\n<p>As den\u00fancias foram feitas por mulheres que trabalhavam com o embaixador, publicadas pela <em>Folha de S.Paulo<\/em>. Uma delas disse que Souza-Gomes obrigava ela a vesti-lo. Outra afirmou que era chamada de &#8220;gostosa&#8221; pelo diplomata. Segundo o presidente do Sinditamaraty, Ernando Neves, o desfecho do epis\u00f3dio \u00e9 um marco para o minist\u00e9rio. \u201cReconhecemos a mudan\u00e7a da postura do Itamaraty com rela\u00e7\u00e3o a casos como esse. Esperamos que atos abusivos e discriminat\u00f3rios sejam, cada vez mais, repelidos, combatidos e punidos dentro do minist\u00e9rio\u201d, disse.<\/p>\n<p>&nbsp;<\/p>\n<p><em>Bras\u00edlia, 15h10min<\/em><\/p>\n","protected":false},"excerpt":{"rendered":"<p>HAMILTON FERRARI O ministro das Rela\u00e7\u00f5es Exteriores, Aloysio Nunes, suspendeu por 85 dias sem remunera\u00e7\u00e3o o embaixador Jo\u00e3o Carlos de Souza-Gomes, que passa por um processo administrativo disciplinar ap\u00f3s relatos de ass\u00e9dio sexual. A publica\u00e7\u00e3o foi feita no Di\u00e1rio Oficial da Uni\u00e3o (DOU) na manh\u00e3 desta sexta-feira (21\/12). &nbsp; Souza-Gomes foi suspenso \u201cpelo descumprimento dos [&hellip;]<\/p>\n","protected":false},"author":22,"featured_media":9515,"comment_status":"open","ping_status":"closed","sticky":false,"template":"","format":"standard","meta":{"footnotes":""},"categories":[600],"tags":[3646,3023,3444,3644,3645],"class_list":["post-9512","post","type-post","status-publish","format-standard","has-post-thumbnail","hentry","category-economia","tag-3646","tag-assedio","tag-embaixador","tag-souza-gomes","tag-suspenso"],"_links":{"self":[{"href":"https:\/\/blogs.correiobraziliense.com.br\/vicente\/wp-json\/wp\/v2\/posts\/9512","targetHints":{"allow":["GET"]}}],"collection":[{"href":"https:\/\/blogs.correiobraziliense.com.br\/vicente\/wp-json\/wp\/v2\/posts"}],"about":[{"href":"https:\/\/blogs.correiobraziliense.com.br\/vicente\/wp-json\/wp\/v2\/types\/post"}],"author":[{"embeddable":true,"href":"https:\/\/blogs.correiobraziliense.com.br\/vicente\/wp-json\/wp\/v2\/users\/22"}],"replies":[{"embeddable":true,"href":"https:\/\/blogs.correiobraziliense.com.br\/vicente\/wp-json\/wp\/v2\/comments?post=9512"}],"version-history":[{"count":5,"href":"https:\/\/blogs.correiobraziliense.com.br\/vicente\/wp-json\/wp\/v2\/posts\/9512\/revisions"}],"predecessor-version":[{"id":9518,"href":"https:\/\/blogs.correiobraziliense.com.br\/vicente\/wp-json\/wp\/v2\/posts\/9512\/revisions\/9518"}],"wp:featuredmedia":[{"embeddable":true,"href":"https:\/\/blogs.correiobraziliense.com.br\/vicente\/wp-json\/wp\/v2\/media\/9515"}],"wp:attachment":[{"href":"https:\/\/blogs.correiobraziliense.com.br\/vicente\/wp-json\/wp\/v2\/media?parent=9512"}],"wp:term":[{"taxonomy":"category","embeddable":true,"href":"https:\/\/blogs.correiobraziliense.com.br\/vicente\/wp-json\/wp\/v2\/categories?post=9512"},{"taxonomy":"post_tag","embeddable":true,"href":"https:\/\/blogs.correiobraziliense.com.br\/vicente\/wp-json\/wp\/v2\/tags?post=9512"}],"curies":[{"name":"wp","href":"https:\/\/api.w.org\/{rel}","templated":true}]}}