{"id":9482,"date":"2018-12-18T13:36:00","date_gmt":"2018-12-18T15:36:00","guid":{"rendered":"https:\/\/blogs.correiobraziliense.com.br\/vicente\/?p=9482"},"modified":"2018-12-18T13:37:14","modified_gmt":"2018-12-18T15:37:14","slug":"a-disputa-de-egos-que-trava-a-reforma-da-previdencia","status":"publish","type":"post","link":"https:\/\/blogs.correiobraziliense.com.br\/vicente\/a-disputa-de-egos-que-trava-a-reforma-da-previdencia\/","title":{"rendered":"A disputa de egos que trava a reforma da Previd\u00eancia"},"content":{"rendered":"<p>ALESSANDRA AZEVEDO<\/p>\n<p>&nbsp;<\/p>\n<p>A principal d\u00favida que paira sobre a reforma da Previd\u00eancia n\u00e3o \u00e9 quanto ao conte\u00fado da proposta \u2014 ningu\u00e9m discute que \u00e9 preciso estabelecer uma idade m\u00ednima para aposentadoria e que n\u00e3o \u00e9 uma boa ideia tocar em pontos sens\u00edveis, como endurecer acesso ao Benef\u00edcio de Presta\u00e7\u00e3o Continuada (BPC) e \u00e0 aposentadoria rural. O que falta decidir \u00e9 se o novo governo vai ressuscitar a reforma proposta em 2016 por Michel Temer, que j\u00e1 passou pelas comiss\u00f5es e est\u00e1 pronta para ser votada no plen\u00e1rio, ou se vai apresentar um texto novo. A primeira, que j\u00e1 foi bastante desidratada, ainda pode ser adaptada por emendas e ir direto para vota\u00e7\u00e3o na C\u00e2mara.<\/p>\n<p>&nbsp;<\/p>\n<p>Retomar o texto que j\u00e1 est\u00e1 no Congresso garantiria mais rapidez ao processo de reforma, mas parte da equipe econ\u00f4mica resiste. Um dos motivos \u00e9 que essa ala do novo governo quer uma proposta pr\u00f3pria, assinada por Jair Bolsonaro e que n\u00e3o seja associada a Temer. Al\u00e9m disso, ficaria estranho retomar um projeto que foi duramente atacado por boa parte do n\u00facleo pol\u00edtico da futura administra\u00e7\u00e3o, inclusive pelo pr\u00f3prio presidente eleito, que disse que a PEC atual \u201cmataria idosos\u201d. O futuro ministro da Casa Civil, Onyx Lorenzoni, e o senador Major Ol\u00edmpio (PSL-SP), bra\u00e7o direito de Bolsonaro, tamb\u00e9m fizeram duras cr\u00edticas durante a tramita\u00e7\u00e3o da proposta.<\/p>\n<p>&nbsp;<\/p>\n<p>\u201c\u00c9 masoquismo\u201d apresentar uma nova reforma, acredita o deputado Arthur Maia (DEM-BA), relator da PEC de Temer na C\u00e2mara. Ele acredita que, ao final, qualquer proposta vai chegar aos pontos que foram apresentados no parecer dele, no ano passado, sendo os principais a idade m\u00ednima, o sistema de transi\u00e7\u00e3o e a equipara\u00e7\u00e3o de regras entre iniciativa privada e servi\u00e7o p\u00fablico. \u201cN\u00e3o faz nenhum sentido refazer, e seria extremamente desgastante. A reforma que vai passar pelo Congresso vai ser muito parecida, se n\u00e3o for igual. N\u00e3o tem como fugir desses pontos\u201d, argumenta o deputado reeleito.<\/p>\n<p>&nbsp;<\/p>\n<p><strong>Atraso geral<\/strong><\/p>\n<p>&nbsp;<\/p>\n<p>Seis meses. Esse \u00e9 o atraso m\u00e9dio na tramita\u00e7\u00e3o, previsto por analistas, para que uma nova PEC da Previd\u00eancia chegue ao est\u00e1gio em que a de Temer est\u00e1 agora, pronta para ser votada no plen\u00e1rio da C\u00e2mara. Caso comece do zero, precisar\u00e1 passar novamente pela Comiss\u00e3o de Constitui\u00e7\u00e3o e Justi\u00e7a (CCJ), que s\u00f3 deve ter a composi\u00e7\u00e3o formada depois do carnaval, e pela comiss\u00e3o especial. Em outras palavras, n\u00e3o passaria nem da primeira fase antes de mar\u00e7o.<\/p>\n<p>&nbsp;<\/p>\n<p><strong>Desgaste pol\u00edtico<\/strong><\/p>\n<p>&nbsp;<\/p>\n<p>Outra ideia que foi ventilada por Bolsonaro, de dividir a reforma da Previd\u00eancia em duas, tem sido recha\u00e7ada por boa parte dos parlamentares e at\u00e9 por pessoas do grupo de trabalho que trata do assunto na equipe de transi\u00e7\u00e3o. O entendimento geral \u00e9 de que seria muito dif\u00edcil retomar o tema depois de passar a primeira proposta. \u201cJ\u00e1 \u00e9 dif\u00edcil aprovar uma, imagina duas\u201d, avalia uma fonte pr\u00f3xima ao presidente eleito. Cientistas pol\u00edticos dizem que o capital pol\u00edtico se esgotaria depois da primeira vota\u00e7\u00e3o. \u201c\u00c9 melhor fazer um texto pass\u00e1vel e votar de uma vez\u201d, defende a mesma fonte.<\/p>\n<p>&nbsp;<\/p>\n<p><strong>Consenso<\/strong><\/p>\n<p>&nbsp;<\/p>\n<p>O ponto positivo at\u00e9 agora, na avalia\u00e7\u00e3o de pessoas pr\u00f3ximas ao presidente eleito, foi a escolha do pr\u00f3ximo secret\u00e1rio de Previd\u00eancia, Rog\u00e9rio Marinho. Ainda deputado pelo PSDB do Rio Grande do Norte, embora n\u00e3o reeleito, ele tem sido bastante elogiado nos bastidores. A expectativa \u00e9 de que ele assuma a lideran\u00e7a do processo a partir de agora, como \u201cporta-voz oficial\u201d da reforma. \u201cEle tem uma capacidade de interlocu\u00e7\u00e3o muito boa. Ter\u00e1 a mesma paix\u00e3o e os mesmos resultados que teve ao relatar a reforma trabalhista\u201d, acredita o senador eleito Major Ol\u00edmpio (PSL-SP).<\/p>\n<p>&nbsp;<\/p>\n<p><em>Bras\u00edlia, 13h30min<\/em><\/p>\n","protected":false},"excerpt":{"rendered":"<p>ALESSANDRA AZEVEDO &nbsp; A principal d\u00favida que paira sobre a reforma da Previd\u00eancia n\u00e3o \u00e9 quanto ao conte\u00fado da proposta \u2014 ningu\u00e9m discute que \u00e9 preciso estabelecer uma idade m\u00ednima para aposentadoria e que n\u00e3o \u00e9 uma boa ideia tocar em pontos sens\u00edveis, como endurecer acesso ao Benef\u00edcio de Presta\u00e7\u00e3o Continuada (BPC) e \u00e0 aposentadoria [&hellip;]<\/p>\n","protected":false},"author":22,"featured_media":0,"comment_status":"open","ping_status":"closed","sticky":false,"template":"","format":"standard","meta":{"footnotes":""},"categories":[600],"tags":[],"class_list":["post-9482","post","type-post","status-publish","format-standard","hentry","category-economia"],"_links":{"self":[{"href":"https:\/\/blogs.correiobraziliense.com.br\/vicente\/wp-json\/wp\/v2\/posts\/9482","targetHints":{"allow":["GET"]}}],"collection":[{"href":"https:\/\/blogs.correiobraziliense.com.br\/vicente\/wp-json\/wp\/v2\/posts"}],"about":[{"href":"https:\/\/blogs.correiobraziliense.com.br\/vicente\/wp-json\/wp\/v2\/types\/post"}],"author":[{"embeddable":true,"href":"https:\/\/blogs.correiobraziliense.com.br\/vicente\/wp-json\/wp\/v2\/users\/22"}],"replies":[{"embeddable":true,"href":"https:\/\/blogs.correiobraziliense.com.br\/vicente\/wp-json\/wp\/v2\/comments?post=9482"}],"version-history":[{"count":1,"href":"https:\/\/blogs.correiobraziliense.com.br\/vicente\/wp-json\/wp\/v2\/posts\/9482\/revisions"}],"predecessor-version":[{"id":9483,"href":"https:\/\/blogs.correiobraziliense.com.br\/vicente\/wp-json\/wp\/v2\/posts\/9482\/revisions\/9483"}],"wp:attachment":[{"href":"https:\/\/blogs.correiobraziliense.com.br\/vicente\/wp-json\/wp\/v2\/media?parent=9482"}],"wp:term":[{"taxonomy":"category","embeddable":true,"href":"https:\/\/blogs.correiobraziliense.com.br\/vicente\/wp-json\/wp\/v2\/categories?post=9482"},{"taxonomy":"post_tag","embeddable":true,"href":"https:\/\/blogs.correiobraziliense.com.br\/vicente\/wp-json\/wp\/v2\/tags?post=9482"}],"curies":[{"name":"wp","href":"https:\/\/api.w.org\/{rel}","templated":true}]}}