{"id":9477,"date":"2018-12-18T11:05:29","date_gmt":"2018-12-18T13:05:29","guid":{"rendered":"https:\/\/blogs.correiobraziliense.com.br\/vicente\/?p=9477"},"modified":"2018-12-18T12:56:13","modified_gmt":"2018-12-18T14:56:13","slug":"gasolina-sobe-r-050-em-um-dia-e-irrita-consumidores","status":"publish","type":"post","link":"https:\/\/blogs.correiobraziliense.com.br\/vicente\/gasolina-sobe-r-050-em-um-dia-e-irrita-consumidores\/","title":{"rendered":"Gasolina sobe R$ 0,50 em um dia e irrita consumidores"},"content":{"rendered":"<h2>MAR\u00cdLIA SENA<\/h2>\n<h2><\/h2>\n<h2>Os motoristas do Distrito Federal levaram o susto nesta ter\u00e7a-feira (18\/12) ao chegarem aos postos de gasolina para abastecerem os carros. O pre\u00e7o do combust\u00edvel disparou, em m\u00e9dia, R$ 0,50, deixando muita gente revoltada.<\/h2>\n<p>&nbsp;<\/p>\n<p>No Setor de Ind\u00fastrias Gr\u00e1ficas (SIG), onde o litro era vendido por R$ 3,989, as bombas est\u00e3o registrando, agora, R$ 4,499. &#8220;Levei um susto&#8221;, diz o contador L\u00facio Gon\u00e7alves, 53 anos. &#8220;Estava todo feliz com a gasolina abaixo de R$ 4. Pena que a alegria durou pouco&#8221;, afirma.<\/p>\n<p>&nbsp;<\/p>\n<p><a href=\"https:\/\/blogs.correiobraziliense.com.br\/vicente\/wp-content\/uploads\/sites\/16\/2018\/12\/Gasolina050.jpg\"><img loading=\"lazy\" decoding=\"async\" class=\"alignnone size-large wp-image-9478\" src=\"https:\/\/blogs.correiobraziliense.com.br\/vicente\/wp-content\/uploads\/sites\/16\/2018\/12\/Gasolina050-1024x682.jpg\" alt=\"\" width=\"1024\" height=\"682\" srcset=\"https:\/\/blogs.correiobraziliense.com.br\/vicente\/wp-content\/uploads\/sites\/16\/2018\/12\/Gasolina050-1024x682.jpg 1024w, https:\/\/blogs.correiobraziliense.com.br\/vicente\/wp-content\/uploads\/sites\/16\/2018\/12\/Gasolina050-300x200.jpg 300w, https:\/\/blogs.correiobraziliense.com.br\/vicente\/wp-content\/uploads\/sites\/16\/2018\/12\/Gasolina050-768x512.jpg 768w, https:\/\/blogs.correiobraziliense.com.br\/vicente\/wp-content\/uploads\/sites\/16\/2018\/12\/Gasolina050-350x233.jpg 350w, https:\/\/blogs.correiobraziliense.com.br\/vicente\/wp-content\/uploads\/sites\/16\/2018\/12\/Gasolina050-550x367.jpg 550w, https:\/\/blogs.correiobraziliense.com.br\/vicente\/wp-content\/uploads\/sites\/16\/2018\/12\/Gasolina050-230x153.jpg 230w, https:\/\/blogs.correiobraziliense.com.br\/vicente\/wp-content\/uploads\/sites\/16\/2018\/12\/Gasolina050.jpg 1280w\" sizes=\"auto, (max-width: 1024px) 100vw, 1024px\" \/><\/a><\/p>\n<p>Foto: Vinicius Cardoso\/Esp.CB\/DA Press<\/p>\n<p>&nbsp;<\/p>\n<p>Os gerentes alegam que, nos \u00faltimos dias, a Petrobras elevou seguidamente o valor dos combust\u00edveis nas refinarias, mas os postos preferiram n\u00e3o repassar os aumentos imediatamente, porque os estoque comprados a pre\u00e7os mais baixos estavam altos.<\/p>\n<p>&nbsp;<\/p>\n<p>&#8220;Fizemos promo\u00e7\u00f5es para desovar os estoques. Agora, temos que repassar os aumentos, pois j\u00e1 compramos combust\u00edveis mais caros&#8221;, explica um gerente de posto. Nesta ter\u00e7a, a Petrobras informou que manteve o valor da gasolina inalterado. &#8220;As pessoas t\u00eam que se conscientizar que gasolina \u00e9 caro. E ponto&#8221;, destaca o mesmo gerente.<\/p>\n<p>&nbsp;<\/p>\n<p>Para o motorista de aplicativo S\u00e9rgio Linhares, 39 anos, h\u00e1, sim, espa\u00e7o para a gasolina ser vendida abaixo de R$ 4. &#8220;As \u00faltimas promo\u00e7\u00f5es mostraram isso. Os postos n\u00e3o mant\u00eam os pre\u00e7os mais baixos porque n\u00e3o querem. S\u00f3 pensam em aumentar os lucros&#8221;, assinala. &#8220;Assim, fica dif\u00edcil trabalhar&#8221;, acrescenta.<\/p>\n<p>&nbsp;<\/p>\n<p>Quem se der ao trabalho de pesquisar, ainda conseguir\u00e1 encontrar gasolina abaixo de R$ 4. H\u00e1 pelo menos um posto na Asa Sul (214), com o litro a R$ 3,89, e um na Asa Norte (206), a R$ 3,90. &#8220;Mas nem todo mundo tem tempo para fazer isso. A vida est\u00e1 corrida demais&#8221;, diz a esteticista Marta Correia, 42 anos. &#8220;Estamos nas m\u00e3os dos postos.&#8221;<\/p>\n<p>&nbsp;<\/p>\n<p>Pela pol\u00edtica de pre\u00e7os da Petrobras, os valores dos combust\u00edveis nas refinarias podem ser ajustados para cima ou para baixo de acordo com a varia\u00e7\u00e3o do d\u00f3lar e da cota\u00e7\u00e3o do petr\u00f3leo no exterior. A moeda norte-americana est\u00e1 em alta. J\u00e1 o petr\u00f3leo corre o risco de cair abaixo do US$ 50 o barril, uma boa not\u00edcia.<\/p>\n<p>&nbsp;<\/p>\n<p><em>Bras\u00edlia, 11h05min<\/em><\/p>\n","protected":false},"excerpt":{"rendered":"<p>MAR\u00cdLIA SENA Os motoristas do Distrito Federal levaram o susto nesta ter\u00e7a-feira (18\/12) ao chegarem aos postos de gasolina para abastecerem os carros. O pre\u00e7o do combust\u00edvel disparou, em m\u00e9dia, R$ 0,50, deixando muita gente revoltada. &nbsp; No Setor de Ind\u00fastrias Gr\u00e1ficas (SIG), onde o litro era vendido por R$ 3,989, as bombas est\u00e3o registrando, [&hellip;]<\/p>\n","protected":false},"author":22,"featured_media":0,"comment_status":"open","ping_status":"closed","sticky":false,"template":"","format":"standard","meta":{"footnotes":""},"categories":[600],"tags":[],"class_list":["post-9477","post","type-post","status-publish","format-standard","hentry","category-economia"],"_links":{"self":[{"href":"https:\/\/blogs.correiobraziliense.com.br\/vicente\/wp-json\/wp\/v2\/posts\/9477","targetHints":{"allow":["GET"]}}],"collection":[{"href":"https:\/\/blogs.correiobraziliense.com.br\/vicente\/wp-json\/wp\/v2\/posts"}],"about":[{"href":"https:\/\/blogs.correiobraziliense.com.br\/vicente\/wp-json\/wp\/v2\/types\/post"}],"author":[{"embeddable":true,"href":"https:\/\/blogs.correiobraziliense.com.br\/vicente\/wp-json\/wp\/v2\/users\/22"}],"replies":[{"embeddable":true,"href":"https:\/\/blogs.correiobraziliense.com.br\/vicente\/wp-json\/wp\/v2\/comments?post=9477"}],"version-history":[{"count":3,"href":"https:\/\/blogs.correiobraziliense.com.br\/vicente\/wp-json\/wp\/v2\/posts\/9477\/revisions"}],"predecessor-version":[{"id":9481,"href":"https:\/\/blogs.correiobraziliense.com.br\/vicente\/wp-json\/wp\/v2\/posts\/9477\/revisions\/9481"}],"wp:attachment":[{"href":"https:\/\/blogs.correiobraziliense.com.br\/vicente\/wp-json\/wp\/v2\/media?parent=9477"}],"wp:term":[{"taxonomy":"category","embeddable":true,"href":"https:\/\/blogs.correiobraziliense.com.br\/vicente\/wp-json\/wp\/v2\/categories?post=9477"},{"taxonomy":"post_tag","embeddable":true,"href":"https:\/\/blogs.correiobraziliense.com.br\/vicente\/wp-json\/wp\/v2\/tags?post=9477"}],"curies":[{"name":"wp","href":"https:\/\/api.w.org\/{rel}","templated":true}]}}