{"id":9474,"date":"2018-12-18T11:13:34","date_gmt":"2018-12-18T13:13:34","guid":{"rendered":"https:\/\/blogs.correiobraziliense.com.br\/vicente\/?p=9474"},"modified":"2018-12-18T12:01:33","modified_gmt":"2018-12-18T14:01:33","slug":"ambicao-no-banco-do-brasil-uma-armadilha-para-rubem-novaes","status":"publish","type":"post","link":"https:\/\/blogs.correiobraziliense.com.br\/vicente\/ambicao-no-banco-do-brasil-uma-armadilha-para-rubem-novaes\/","title":{"rendered":"Ambi\u00e7\u00e3o no Banco do Brasil, uma armadilha para Rubem Novaes"},"content":{"rendered":"<h2>Quem conhece os meandros de Bras\u00edlia, tem a exata no\u00e7\u00e3o das armadilhas que o poder propicia. N\u00e3o por acaso, indicados para a equipe econ\u00f4mica de Jair Bolsonaro t\u00eam sido alertados para ficar de olhos bem abertos. S\u00f3 boa vontade n\u00e3o ajuda. Isso vale, inclusive, para o futuro presidente do Banco do Brasil, Rubem Novaes, um ne\u00f3fito na capital federal.<\/h2>\n<p>&nbsp;<\/p>\n<p>T\u00e9cnicos da institui\u00e7\u00e3o financeira alertam para as movimenta\u00e7\u00f5es que v\u00eam sendo feitas no bastidores para a cria\u00e7\u00e3o de mais uma vice-presid\u00eancia, que ficaria encarregada de cuidar das \u00e1reas de pessoal, de reestrutura\u00e7\u00e3o de ag\u00eancias e da parte de comunica\u00e7\u00e3o, entre outras atribui\u00e7\u00f5es. J\u00e1 se teria at\u00e9 um nome para ocupar o cargo, Carlos Netto.<\/p>\n<p>&nbsp;<\/p>\n<p>Hoje diretor de Estrutura e Organiza\u00e7\u00e3o, Netto n\u00e3o esconde o desejo de ser al\u00e7ado ao primeiro escal\u00e3o do BB. Tanto que adiou os planos de aposentaria que havia alardeado nos \u00faltimos meses. Havia at\u00e9 uma data marcada para o desligamento: 30 de novembro de 2018. O desejo da nova vice-presid\u00eancia o fez mudar de ideia.<\/p>\n<p>&nbsp;<\/p>\n<p>Netto est\u00e1 ativo no sentido de cair nas gra\u00e7as da equipe de Bolsonaro. Depois de toda a proximidade com o PT, agora, est\u00e1 se articulando com a bancada evang\u00e9lica. Logo ele que criticou o presidente eleito durante a campanha eleitoral durante a discuss\u00f5es em torno de mudan\u00e7as no Minist\u00e9rio da Cultura.<\/p>\n<p>&nbsp;<\/p>\n<p><a href=\"https:\/\/blogs.correiobraziliense.com.br\/vicente\/wp-content\/uploads\/sites\/16\/2018\/12\/CarlosNetto.jpg\"><img loading=\"lazy\" decoding=\"async\" class=\"alignnone size-large wp-image-9475\" src=\"https:\/\/blogs.correiobraziliense.com.br\/vicente\/wp-content\/uploads\/sites\/16\/2018\/12\/CarlosNetto-842x1024.jpg\" alt=\"\" width=\"842\" height=\"1024\" srcset=\"https:\/\/blogs.correiobraziliense.com.br\/vicente\/wp-content\/uploads\/sites\/16\/2018\/12\/CarlosNetto.jpg 842w, https:\/\/blogs.correiobraziliense.com.br\/vicente\/wp-content\/uploads\/sites\/16\/2018\/12\/CarlosNetto-247x300.jpg 247w, https:\/\/blogs.correiobraziliense.com.br\/vicente\/wp-content\/uploads\/sites\/16\/2018\/12\/CarlosNetto-768x934.jpg 768w, https:\/\/blogs.correiobraziliense.com.br\/vicente\/wp-content\/uploads\/sites\/16\/2018\/12\/CarlosNetto-288x350.jpg 288w, https:\/\/blogs.correiobraziliense.com.br\/vicente\/wp-content\/uploads\/sites\/16\/2018\/12\/CarlosNetto-550x669.jpg 550w, https:\/\/blogs.correiobraziliense.com.br\/vicente\/wp-content\/uploads\/sites\/16\/2018\/12\/CarlosNetto-230x280.jpg 230w\" sizes=\"auto, (max-width: 842px) 100vw, 842px\" \/><\/a><\/p>\n<p>&nbsp;<\/p>\n<p>Numa antecipa\u00e7\u00e3o em dire\u00e7\u00e3o \u00e0 futura vice-presid\u00eancia, Netto patrocinou uma proposta que foi aprovada recentemente pelo comando do banco, dividindo a \u00e1rea de comunica\u00e7\u00e3o que foi criada pelo ent\u00e3o presidente do BB, Paulo Caffarelli. Toda o setor estava ligado diretamente \u00e0 presid\u00eancia da institui\u00e7\u00e3o. Agora, somente a parte de atendimento \u00e0 imprensa ficou nessa estrutura, e bem pequena. O restante, foi para o Marketing.<\/p>\n<p>&nbsp;<\/p>\n<p>Caffarelli foi um dos mais populares presidentes do BB, mesmo tendo comandado dois grandes processos de reestrutura\u00e7\u00e3o do banco, com demiss\u00f5es volunt\u00e1rias e fechamento de ag\u00eancias. Justamente porque soube fazer uma boa comunica\u00e7\u00e3o com os funcion\u00e1rios da institui\u00e7\u00e3o e com a m\u00eddia.<\/p>\n<p>&nbsp;<\/p>\n<p>Se mantiver a nova estrutura, Rubem Novaes ficar\u00e1 sem interlocu\u00e7\u00e3o direta com o corpo funcional do BB, j\u00e1 que ter\u00e1 o di\u00e1logo interditado por uma \u00e1rea espec\u00edfica, um risco, pois a m\u00e1quina est\u00e1 cheia de armadilhas. Restar\u00e1 a ele o \u00f4nus de tratar as m\u00e1s not\u00edcias com a imprensa.<\/p>\n<p>&nbsp;<\/p>\n<p><em>Bras\u00edlia, 11h13min<\/em><\/p>\n","protected":false},"excerpt":{"rendered":"<p>Quem conhece os meandros de Bras\u00edlia, tem a exata no\u00e7\u00e3o das armadilhas que o poder propicia. N\u00e3o por acaso, indicados para a equipe econ\u00f4mica de Jair Bolsonaro t\u00eam sido alertados para ficar de olhos bem abertos. S\u00f3 boa vontade n\u00e3o ajuda. Isso vale, inclusive, para o futuro presidente do Banco do Brasil, Rubem Novaes, um [&hellip;]<\/p>\n","protected":false},"author":22,"featured_media":0,"comment_status":"open","ping_status":"closed","sticky":false,"template":"","format":"standard","meta":{"footnotes":""},"categories":[600],"tags":[],"class_list":["post-9474","post","type-post","status-publish","format-standard","hentry","category-economia"],"_links":{"self":[{"href":"https:\/\/blogs.correiobraziliense.com.br\/vicente\/wp-json\/wp\/v2\/posts\/9474","targetHints":{"allow":["GET"]}}],"collection":[{"href":"https:\/\/blogs.correiobraziliense.com.br\/vicente\/wp-json\/wp\/v2\/posts"}],"about":[{"href":"https:\/\/blogs.correiobraziliense.com.br\/vicente\/wp-json\/wp\/v2\/types\/post"}],"author":[{"embeddable":true,"href":"https:\/\/blogs.correiobraziliense.com.br\/vicente\/wp-json\/wp\/v2\/users\/22"}],"replies":[{"embeddable":true,"href":"https:\/\/blogs.correiobraziliense.com.br\/vicente\/wp-json\/wp\/v2\/comments?post=9474"}],"version-history":[{"count":1,"href":"https:\/\/blogs.correiobraziliense.com.br\/vicente\/wp-json\/wp\/v2\/posts\/9474\/revisions"}],"predecessor-version":[{"id":9476,"href":"https:\/\/blogs.correiobraziliense.com.br\/vicente\/wp-json\/wp\/v2\/posts\/9474\/revisions\/9476"}],"wp:attachment":[{"href":"https:\/\/blogs.correiobraziliense.com.br\/vicente\/wp-json\/wp\/v2\/media?parent=9474"}],"wp:term":[{"taxonomy":"category","embeddable":true,"href":"https:\/\/blogs.correiobraziliense.com.br\/vicente\/wp-json\/wp\/v2\/categories?post=9474"},{"taxonomy":"post_tag","embeddable":true,"href":"https:\/\/blogs.correiobraziliense.com.br\/vicente\/wp-json\/wp\/v2\/tags?post=9474"}],"curies":[{"name":"wp","href":"https:\/\/api.w.org\/{rel}","templated":true}]}}