{"id":9470,"date":"2018-12-13T11:06:55","date_gmt":"2018-12-13T13:06:55","guid":{"rendered":"https:\/\/blogs.correiobraziliense.com.br\/vicente\/?p=9470"},"modified":"2018-12-13T11:30:10","modified_gmt":"2018-12-13T13:30:10","slug":"bradespar-ja-vendeu-mais-de-10-milhoes-de-acoes-da-vale","status":"publish","type":"post","link":"https:\/\/blogs.correiobraziliense.com.br\/vicente\/bradespar-ja-vendeu-mais-de-10-milhoes-de-acoes-da-vale\/","title":{"rendered":"Bradespar j\u00e1 vendeu mais de 10 milh\u00f5es de a\u00e7\u00f5es da Vale"},"content":{"rendered":"<p>A Bradespar, holding por meio do qual o Banco Bradesco \u00e9 acionista da Vale, vendeu 10 milh\u00f5es de a\u00e7\u00f5es da mineradora somente nos \u00faltimos 15 dias de novembro para fazer caixa. Faturou cerca de R$ 537 milh\u00f5es.<\/p>\n<p>&nbsp;<\/p>\n<p>Esse dinheiro ser\u00e1 usado para abater o endividamento que a Bradespar foi obrigada a assumir para pagar R$ 1,410 bilh\u00e3o ao grupo Opportunity, com o qual fez acordo depois de uma longa disputa na Justi\u00e7a. A outra parte do acordo, no mesmo valor, foi honrada pela Litel, holding formada pelos fundos de pens\u00e3o do Banco do Brasil (Previ), da Caixa (Funcef) e da Petrobras (Petros).<\/p>\n<p>&nbsp;<\/p>\n<p>A perspectiva do mercado \u00e9 de que, at\u00e9 o fim de dezembro, a Bradespar venda, no total, 30 milh\u00f5es de a\u00e7\u00f5es da Vale, arrecadando R$ 1,5 bilh\u00e3o. Se esse n\u00famero for atingindo, a participa\u00e7\u00e3o acion\u00e1ria da Bradespar na Vale cair\u00e1 de 6,58% para 5,93%, pelos c\u00e1lculos de especialistas. A Bradespar tem um acordo de acionistas com a Litel, que d\u00e1 ao grupo controle sobre as decis\u00f5es na mineradora.<\/p>\n<p>&nbsp;<\/p>\n<p>Al\u00e9m de zerar seu endividamento, a Bradespar est\u00e1 correndo para vender a\u00e7\u00f5es da Vale neste fim de ano com o intuito de se aproveitar de uma compensa\u00e7\u00e3o de imposto. Usar\u00e1 os preju\u00edzos fiscais entre R$ 300 milh\u00f5es e R$ 400 milh\u00f5es que teve com o pagamento do acordo com o Opportunity para abater dos impostos que ter\u00e1 a pagar referentes aos ganhos com a venda de a\u00e7\u00f5es.<\/p>\n<p>&nbsp;<\/p>\n<p>Com isso, acredita o economista Dem\u00e9trius Borel Lucindo, a Bradespar ficar\u00e1 &#8220;limpinha&#8221; para pagar bons dividendos nos pr\u00f3ximos anos. Ele afirma que o retorno aos acionistas da companhia em forma de dividendos poder\u00e1 corresponder de 15% a 20% do pre\u00e7o das a\u00e7\u00f5es. Um excelente ganho.<\/p>\n<p>&nbsp;<\/p>\n<p>A perspectiva do mercado \u00e9 de que, ao longo do tempo, o Bradesco fa\u00e7a uma reestrutura\u00e7\u00e3o e opte pela extin\u00e7\u00e3o da Bradespar. Mas n\u00e3o ser\u00e1 um processo r\u00e1pido, como \u00e9 caracter\u00edstica do banco sediado na Cidade de Deus, em Osasco.<\/p>\n<p>&nbsp;<\/p>\n<p><em>Bradesco, 11h06min<\/em><\/p>\n","protected":false},"excerpt":{"rendered":"<p>A Bradespar, holding por meio do qual o Banco Bradesco \u00e9 acionista da Vale, vendeu 10 milh\u00f5es de a\u00e7\u00f5es da mineradora somente nos \u00faltimos 15 dias de novembro para fazer caixa. Faturou cerca de R$ 537 milh\u00f5es. &nbsp; Esse dinheiro ser\u00e1 usado para abater o endividamento que a Bradespar foi obrigada a assumir para pagar [&hellip;]<\/p>\n","protected":false},"author":22,"featured_media":0,"comment_status":"open","ping_status":"closed","sticky":false,"template":"","format":"standard","meta":{"footnotes":""},"categories":[600],"tags":[],"class_list":["post-9470","post","type-post","status-publish","format-standard","hentry","category-economia"],"_links":{"self":[{"href":"https:\/\/blogs.correiobraziliense.com.br\/vicente\/wp-json\/wp\/v2\/posts\/9470","targetHints":{"allow":["GET"]}}],"collection":[{"href":"https:\/\/blogs.correiobraziliense.com.br\/vicente\/wp-json\/wp\/v2\/posts"}],"about":[{"href":"https:\/\/blogs.correiobraziliense.com.br\/vicente\/wp-json\/wp\/v2\/types\/post"}],"author":[{"embeddable":true,"href":"https:\/\/blogs.correiobraziliense.com.br\/vicente\/wp-json\/wp\/v2\/users\/22"}],"replies":[{"embeddable":true,"href":"https:\/\/blogs.correiobraziliense.com.br\/vicente\/wp-json\/wp\/v2\/comments?post=9470"}],"version-history":[{"count":1,"href":"https:\/\/blogs.correiobraziliense.com.br\/vicente\/wp-json\/wp\/v2\/posts\/9470\/revisions"}],"predecessor-version":[{"id":9471,"href":"https:\/\/blogs.correiobraziliense.com.br\/vicente\/wp-json\/wp\/v2\/posts\/9470\/revisions\/9471"}],"wp:attachment":[{"href":"https:\/\/blogs.correiobraziliense.com.br\/vicente\/wp-json\/wp\/v2\/media?parent=9470"}],"wp:term":[{"taxonomy":"category","embeddable":true,"href":"https:\/\/blogs.correiobraziliense.com.br\/vicente\/wp-json\/wp\/v2\/categories?post=9470"},{"taxonomy":"post_tag","embeddable":true,"href":"https:\/\/blogs.correiobraziliense.com.br\/vicente\/wp-json\/wp\/v2\/tags?post=9470"}],"curies":[{"name":"wp","href":"https:\/\/api.w.org\/{rel}","templated":true}]}}