{"id":9461,"date":"2018-12-07T18:00:03","date_gmt":"2018-12-07T20:00:03","guid":{"rendered":"https:\/\/blogs.correiobraziliense.com.br\/vicente\/?p=9461"},"modified":"2018-12-07T18:28:12","modified_gmt":"2018-12-07T20:28:12","slug":"marcelo-caetano-comandara-associacao-mundial-de-seguridade-social","status":"publish","type":"post","link":"https:\/\/blogs.correiobraziliense.com.br\/vicente\/marcelo-caetano-comandara-associacao-mundial-de-seguridade-social\/","title":{"rendered":"Marcelo Caetano comandar\u00e1 associa\u00e7\u00e3o mundial de seguridade social"},"content":{"rendered":"<p>ALESSANDRA AZEVEDO<\/p>\n<p>&nbsp;<\/p>\n<p>O secret\u00e1rio de Previd\u00eancia do Minist\u00e9rio da Fazenda, Marcelo Caetano, foi eleito para o cargo mais alto, de secret\u00e1rio geral, da Associa\u00e7\u00e3o Internacional de Seguridade Social (AISS). A elei\u00e7\u00e3o aconteceu nesta sexta-feira (7\/12), em Genebra, na Su\u00ed\u00e7a.<\/p>\n<p>&nbsp;<\/p>\n<p>O mandato come\u00e7a em fevereiro do ano que vem e tem a dura\u00e7\u00e3o de seis anos, at\u00e9 2025. At\u00e9 31 de dezembro, Caetano continuar\u00e1 no governo, participando da transi\u00e7\u00e3o.\u00a0&#8220;Hoje fui escolhido pelos membros da Associa\u00e7\u00e3o Internacional da Seguridade Social para ser o pr\u00f3ximo secret\u00e1rio-geral dessa importante institui\u00e7\u00e3o. Sinto orgulho por representar nosso pa\u00eds e por ser o primeiro secret\u00e1rio-geral oriundo de uma economia emergente nessa institui\u00e7\u00e3o com mais de 90 anos de tradi\u00e7\u00e3o&#8221;, afirma.<\/p>\n<p>&nbsp;<\/p>\n<p>Na fase final, Caetano concorria com outros quatro candidato: dois belgas, um franc\u00eas e um chileno. Ele ser\u00e1 respons\u00e1vel por dirigir as atividades da AISS, um organismo ligado \u00e0 Organiza\u00e7\u00e3o Internacional do Trabalho (OIT), com intuito de aprimorar os servi\u00e7os de seguridade social no mundo, em tr\u00eas grandes linhas: treinamento, consultoria e certifica\u00e7\u00f5es.<\/p>\n<p>&nbsp;<\/p>\n<p>Marcelo Caetano foi o respons\u00e1vel por elaborar a reforma da Previd\u00eancia do governo de Michel Temer, enviada ao Congresso Nacional em dezembro de 2016.\u00a0&#8220;Agrade\u00e7o ao presidente Temer, aos ministros Henrique Meirelles, Eliseu Padilha e Eduardo Guardia, por conduzirem uma proposta de reforma da previd\u00eancia tecnicamente embasada na qual durante todo o processo de negocia\u00e7\u00e3o se manteve fiel aos nortes de tornar a previd\u00eancia mais igualit\u00e1ria e sustent\u00e1vel e por deixar na sociedade brasileira o legado da consci\u00eancia da exist\u00eancia do problema e que a reforma da previd\u00eancia \u00e9 necess\u00e1ria para sua preserva\u00e7\u00e3o&#8221;, diz.<\/p>\n<p>&nbsp;<\/p>\n<p>Ele diz ainda que &#8220;gostaria de expressar a admira\u00e7\u00e3o pelo trabalho profissional desenvolvido pela imprensa nesse per\u00edodo em que estou a frente da Secretaria de Previd\u00eancia. Meus profundos agradecimentos ao Ipea \u2014 minha segunda casa \u2014 que criou um ambiente de trabalho que me tornou o profissional que hoje sou&#8221;.<\/p>\n<p>&nbsp;<\/p>\n<p><em>Bras\u00edlia, 18h00min<\/em><\/p>\n","protected":false},"excerpt":{"rendered":"<p>ALESSANDRA AZEVEDO &nbsp; O secret\u00e1rio de Previd\u00eancia do Minist\u00e9rio da Fazenda, Marcelo Caetano, foi eleito para o cargo mais alto, de secret\u00e1rio geral, da Associa\u00e7\u00e3o Internacional de Seguridade Social (AISS). A elei\u00e7\u00e3o aconteceu nesta sexta-feira (7\/12), em Genebra, na Su\u00ed\u00e7a. &nbsp; O mandato come\u00e7a em fevereiro do ano que vem e tem a dura\u00e7\u00e3o de [&hellip;]<\/p>\n","protected":false},"author":22,"featured_media":0,"comment_status":"open","ping_status":"closed","sticky":false,"template":"","format":"standard","meta":{"footnotes":""},"categories":[600],"tags":[],"class_list":["post-9461","post","type-post","status-publish","format-standard","hentry","category-economia"],"_links":{"self":[{"href":"https:\/\/blogs.correiobraziliense.com.br\/vicente\/wp-json\/wp\/v2\/posts\/9461","targetHints":{"allow":["GET"]}}],"collection":[{"href":"https:\/\/blogs.correiobraziliense.com.br\/vicente\/wp-json\/wp\/v2\/posts"}],"about":[{"href":"https:\/\/blogs.correiobraziliense.com.br\/vicente\/wp-json\/wp\/v2\/types\/post"}],"author":[{"embeddable":true,"href":"https:\/\/blogs.correiobraziliense.com.br\/vicente\/wp-json\/wp\/v2\/users\/22"}],"replies":[{"embeddable":true,"href":"https:\/\/blogs.correiobraziliense.com.br\/vicente\/wp-json\/wp\/v2\/comments?post=9461"}],"version-history":[{"count":3,"href":"https:\/\/blogs.correiobraziliense.com.br\/vicente\/wp-json\/wp\/v2\/posts\/9461\/revisions"}],"predecessor-version":[{"id":9466,"href":"https:\/\/blogs.correiobraziliense.com.br\/vicente\/wp-json\/wp\/v2\/posts\/9461\/revisions\/9466"}],"wp:attachment":[{"href":"https:\/\/blogs.correiobraziliense.com.br\/vicente\/wp-json\/wp\/v2\/media?parent=9461"}],"wp:term":[{"taxonomy":"category","embeddable":true,"href":"https:\/\/blogs.correiobraziliense.com.br\/vicente\/wp-json\/wp\/v2\/categories?post=9461"},{"taxonomy":"post_tag","embeddable":true,"href":"https:\/\/blogs.correiobraziliense.com.br\/vicente\/wp-json\/wp\/v2\/tags?post=9461"}],"curies":[{"name":"wp","href":"https:\/\/api.w.org\/{rel}","templated":true}]}}