{"id":9453,"date":"2018-11-27T21:20:08","date_gmt":"2018-11-27T23:20:08","guid":{"rendered":"https:\/\/blogs.correiobraziliense.com.br\/vicente\/?p=9453"},"modified":"2018-11-27T21:23:03","modified_gmt":"2018-11-27T23:23:03","slug":"waldery-rodrigues-junior-sera-secretario-da-fazenda-de-paulo-guedes","status":"publish","type":"post","link":"https:\/\/blogs.correiobraziliense.com.br\/vicente\/waldery-rodrigues-junior-sera-secretario-da-fazenda-de-paulo-guedes\/","title":{"rendered":"Waldery Rodrigues J\u00fanior ser\u00e1 secret\u00e1rio da Fazenda de Paulo Guedes"},"content":{"rendered":"<h2>HAMILTON FERRARI<\/h2>\n<h2><\/h2>\n<h2>Mais nomes para a equipe econ\u00f4mica do governo eleito de Jair Bolsonaro (PSL) devem ser anunciados at\u00e9 o fim desta semana pelo o futuro ministro da Economia, Paulo Guedes. O secret\u00e1rio da Fazenda da pasta deve ser o engenheiro cearense Waldery Rodrigues J\u00fanior, que integra o governo de transi\u00e7\u00e3o. Em reuni\u00e3o com os ministros do Tribunal de Contas da Uni\u00e3o (TCU), Guedes apresentou o engenheiro como o respons\u00e1vel por comandar toda a estrutura que hoje \u00e9 comandada pelo ministro da Fazenda.<\/h2>\n<h2><\/h2>\n<p>A Secretaria vai fazer parte do Minist\u00e9rio da Economia. Ela ser\u00e1 respons\u00e1vel pelo Tesouro Nacional, a Secretaria de Pol\u00edtica Econ\u00f4mica (SPE) e outras \u201cuma ou duas secretarias ficar\u00e3o abaixo\u201d, segundo fonte do novo governo, que tamb\u00e9m confirmou a prov\u00e1vel nomea\u00e7\u00e3o de Waldery Rodrigues J\u00fanior.<\/p>\n<p>&nbsp;<\/p>\n<p>Apesar de ser engenheiro pelo\u00a0Instituto Tecnol\u00f3gico de Aeron\u00e1utica, ele fez doutorado em economia pela Universidade de Bras\u00edlia (UnB).<\/p>\n<p>&nbsp;<\/p>\n<p>Al\u00e9m dele, os economistas Marcos Troyjo e Marcos Cintra devem assumir as secretarias de Com\u00e9rcio Exterior e da Receita Federal e da Previd\u00eancia, respectivamente.<\/p>\n<p>&nbsp;<\/p>\n<p>O economista Abraham Weintraub, que est\u00e1 na equipe de transi\u00e7\u00e3o, deve assumir a secretaria-executiva da Casa-Civil, garantem fontes do grupo. Ele, junto com o irm\u00e3o Arthur Weintraub, que tamb\u00e9m est\u00e1 na equipe, s\u00e3o considerados grandes conhecedores da Previd\u00eancia Social. Abraham Weintraub ser\u00e1 escalado para lutar pela aprova\u00e7\u00e3o da reforma das regras previdenci\u00e1rias em 2019. Guedes quer aprovar o texto \u2014 que ainda deve ser enviado ao Congresso Nacional \u2014 no primeiro semestre do pr\u00f3ximo ano.<\/p>\n<p>&nbsp;<\/p>\n<p>O futuro governo do presidente Jair Bolsonaro deve apresentar uma proposta pr\u00f3pria de reforma da Previd\u00eancia, como j\u00e1 admitiu o economista Carlos Alexandre da Costa, que comp\u00f5e a equipe de transi\u00e7\u00e3o. No \u00faltimo s\u00e1bado, Guedes admitiu no 4\u00ba Congresso Nacional do Movimento Brasil Livre (MBL) que o economista, que foi diretor do Banco Nacional de Desenvolvimento Econ\u00f4mico e Social (BNDES), tamb\u00e9m assumir\u00e1 uma secretaria, como antecipou o <strong>Blog<\/strong>. Ele deve ser secret\u00e1rio da \u00e1rea que trata de Ind\u00fastria, Com\u00e9rcio e Servi\u00e7os, que deve ser nomeada de Produtividade.<\/p>\n<p>&nbsp;<\/p>\n<p><em>Bras\u00edlia, 21h20 min<\/em><\/p>\n","protected":false},"excerpt":{"rendered":"<p>HAMILTON FERRARI Mais nomes para a equipe econ\u00f4mica do governo eleito de Jair Bolsonaro (PSL) devem ser anunciados at\u00e9 o fim desta semana pelo o futuro ministro da Economia, Paulo Guedes. O secret\u00e1rio da Fazenda da pasta deve ser o engenheiro cearense Waldery Rodrigues J\u00fanior, que integra o governo de transi\u00e7\u00e3o. Em reuni\u00e3o com os [&hellip;]<\/p>\n","protected":false},"author":22,"featured_media":0,"comment_status":"open","ping_status":"closed","sticky":false,"template":"","format":"standard","meta":{"footnotes":""},"categories":[600],"tags":[589,567,467,3636],"class_list":["post-9453","post","type-post","status-publish","format-standard","hentry","category-economia","tag-economia","tag-fazenda","tag-governo","tag-waldery-rodrigues-junior"],"_links":{"self":[{"href":"https:\/\/blogs.correiobraziliense.com.br\/vicente\/wp-json\/wp\/v2\/posts\/9453","targetHints":{"allow":["GET"]}}],"collection":[{"href":"https:\/\/blogs.correiobraziliense.com.br\/vicente\/wp-json\/wp\/v2\/posts"}],"about":[{"href":"https:\/\/blogs.correiobraziliense.com.br\/vicente\/wp-json\/wp\/v2\/types\/post"}],"author":[{"embeddable":true,"href":"https:\/\/blogs.correiobraziliense.com.br\/vicente\/wp-json\/wp\/v2\/users\/22"}],"replies":[{"embeddable":true,"href":"https:\/\/blogs.correiobraziliense.com.br\/vicente\/wp-json\/wp\/v2\/comments?post=9453"}],"version-history":[{"count":3,"href":"https:\/\/blogs.correiobraziliense.com.br\/vicente\/wp-json\/wp\/v2\/posts\/9453\/revisions"}],"predecessor-version":[{"id":9456,"href":"https:\/\/blogs.correiobraziliense.com.br\/vicente\/wp-json\/wp\/v2\/posts\/9453\/revisions\/9456"}],"wp:attachment":[{"href":"https:\/\/blogs.correiobraziliense.com.br\/vicente\/wp-json\/wp\/v2\/media?parent=9453"}],"wp:term":[{"taxonomy":"category","embeddable":true,"href":"https:\/\/blogs.correiobraziliense.com.br\/vicente\/wp-json\/wp\/v2\/categories?post=9453"},{"taxonomy":"post_tag","embeddable":true,"href":"https:\/\/blogs.correiobraziliense.com.br\/vicente\/wp-json\/wp\/v2\/tags?post=9453"}],"curies":[{"name":"wp","href":"https:\/\/api.w.org\/{rel}","templated":true}]}}