{"id":9427,"date":"2018-11-21T17:32:50","date_gmt":"2018-11-21T19:32:50","guid":{"rendered":"https:\/\/blogs.correiobraziliense.com.br\/vicente\/?p=9427"},"modified":"2018-11-21T17:32:50","modified_gmt":"2018-11-21T19:32:50","slug":"reu-por-corrupcao-diretor-da-abdi-pode-nao-continuar-no-cargo","status":"publish","type":"post","link":"https:\/\/blogs.correiobraziliense.com.br\/vicente\/reu-por-corrupcao-diretor-da-abdi-pode-nao-continuar-no-cargo\/","title":{"rendered":"R\u00e9u por corrup\u00e7\u00e3o, diretor da ABDI pode n\u00e3o continuar no cargo"},"content":{"rendered":"<h2>HAMILTON FERRARI<\/h2>\n<h2><\/h2>\n<h2>Apesar de se colocar nos bastidores como uma pessoa pr\u00f3xima de Jair Bolsonaro e Michelle Bolsonaro, Walterson Ibituruna, diretor da Ag\u00eancia Brasileira de Desenvolvimento Industrial (ABDI), n\u00e3o deve continuar no cargo no pr\u00f3ximo governo. Isso porque ele cumpre os requisitos para n\u00e3o ser mantido: \u00e9 r\u00e9u em processo de corrup\u00e7\u00e3o.<\/h2>\n<p>&nbsp;<\/p>\n<p>Bolsonaro j\u00e1 disse que n\u00e3o quer pessoas envolvidas em esquemas de pr\u00e1ticas il\u00edcitas em seu governo. Ibituruna foi indicado para o cargo pelo deputado federal Andr\u00e9 Moura (PSC-SE).<\/p>\n<p>&nbsp;<\/p>\n<p>A nomea\u00e7\u00e3o do diretor foi negociada com o presidente Michel Temer em outubro de 2017, em meio \u00e0s negocia\u00e7\u00f5es do governo federal para salvar o chefe do Executivo de den\u00fancia na C\u00e2mara. O diretor \u00e9 r\u00e9u num processo da Justi\u00e7a Federal, enquadrado em crimes de concuss\u00e3o, corrup\u00e7\u00e3o passiva e ativa.<\/p>\n<p>&nbsp;<\/p>\n<p>Ele foi assessor parlamentar da ent\u00e3o deputada Almerinda de Carvalho (PMDB-RJ), uma das denunciadas pela Procuradoria-Geral da Rep\u00fablica (PGR) na M\u00e1fia dos Sanguessugas.<\/p>\n<p>&nbsp;<\/p>\n<p>H\u00e1 informa\u00e7\u00f5es de bastidores, por\u00e9m, de que Ibituruna foi o respons\u00e1vel por apresentar a primeira-dama Michelle a Jair Bolsonaro, em 2007. Independente da decis\u00e3o, ainda n\u00e3o se sabe se o presidente eleito vai manter o \u00f3rg\u00e3o, j\u00e1 que a defini\u00e7\u00e3o caber\u00e1 ao futuro ministro da Economia, Paulo Guedes.<\/p>\n<p>&nbsp;<\/p>\n<p><em>Bras\u00edlia, 17h28min<\/em><\/p>\n","protected":false},"excerpt":{"rendered":"<p>HAMILTON FERRARI Apesar de se colocar nos bastidores como uma pessoa pr\u00f3xima de Jair Bolsonaro e Michelle Bolsonaro, Walterson Ibituruna, diretor da Ag\u00eancia Brasileira de Desenvolvimento Industrial (ABDI), n\u00e3o deve continuar no cargo no pr\u00f3ximo governo. Isso porque ele cumpre os requisitos para n\u00e3o ser mantido: \u00e9 r\u00e9u em processo de corrup\u00e7\u00e3o. &nbsp; Bolsonaro j\u00e1 [&hellip;]<\/p>\n","protected":false},"author":22,"featured_media":0,"comment_status":"open","ping_status":"closed","sticky":false,"template":"","format":"standard","meta":{"footnotes":""},"categories":[600],"tags":[3634,255,3119,2922,3635],"class_list":["post-9427","post","type-post","status-publish","format-standard","hentry","category-economia","tag-abdi","tag-corrupcao","tag-diretoria","tag-jair-bolsonaro","tag-michelle-bolsonaro"],"_links":{"self":[{"href":"https:\/\/blogs.correiobraziliense.com.br\/vicente\/wp-json\/wp\/v2\/posts\/9427","targetHints":{"allow":["GET"]}}],"collection":[{"href":"https:\/\/blogs.correiobraziliense.com.br\/vicente\/wp-json\/wp\/v2\/posts"}],"about":[{"href":"https:\/\/blogs.correiobraziliense.com.br\/vicente\/wp-json\/wp\/v2\/types\/post"}],"author":[{"embeddable":true,"href":"https:\/\/blogs.correiobraziliense.com.br\/vicente\/wp-json\/wp\/v2\/users\/22"}],"replies":[{"embeddable":true,"href":"https:\/\/blogs.correiobraziliense.com.br\/vicente\/wp-json\/wp\/v2\/comments?post=9427"}],"version-history":[{"count":1,"href":"https:\/\/blogs.correiobraziliense.com.br\/vicente\/wp-json\/wp\/v2\/posts\/9427\/revisions"}],"predecessor-version":[{"id":9428,"href":"https:\/\/blogs.correiobraziliense.com.br\/vicente\/wp-json\/wp\/v2\/posts\/9427\/revisions\/9428"}],"wp:attachment":[{"href":"https:\/\/blogs.correiobraziliense.com.br\/vicente\/wp-json\/wp\/v2\/media?parent=9427"}],"wp:term":[{"taxonomy":"category","embeddable":true,"href":"https:\/\/blogs.correiobraziliense.com.br\/vicente\/wp-json\/wp\/v2\/categories?post=9427"},{"taxonomy":"post_tag","embeddable":true,"href":"https:\/\/blogs.correiobraziliense.com.br\/vicente\/wp-json\/wp\/v2\/tags?post=9427"}],"curies":[{"name":"wp","href":"https:\/\/api.w.org\/{rel}","templated":true}]}}