{"id":9417,"date":"2018-11-12T13:51:45","date_gmt":"2018-11-12T15:51:45","guid":{"rendered":"https:\/\/blogs.correiobraziliense.com.br\/vicente\/?p=9417"},"modified":"2018-11-12T14:12:40","modified_gmt":"2018-11-12T16:12:40","slug":"a-antiga-relacao-de-joaquim-levy-com-o-bndes","status":"publish","type":"post","link":"https:\/\/blogs.correiobraziliense.com.br\/vicente\/a-antiga-relacao-de-joaquim-levy-com-o-bndes\/","title":{"rendered":"A antiga rela\u00e7\u00e3o de Joaquim Levy com o BNDES"},"content":{"rendered":"<p>O futuro presidente do Banco Nacional de Desenvolvimento Econ\u00f4mico e Social (BNDES), Joaquim Levy, tem uma longa liga\u00e7\u00e3o com a institui\u00e7\u00e3o, ressaltam integrantes do governo que j\u00e1 trabalharam com ele.<\/p>\n<p>&nbsp;<\/p>\n<p>Como ministro da Fazenda de Dilma Rousseff, Levy nomeava os representantes do Comit\u00ea de Financiamento e Garantia das Exporta\u00e7\u00f5es (Cofig), que integra a C\u00e2mara de Com\u00e9rcio Exterior (Camex), respons\u00e1vel pela libera\u00e7\u00e3o dos pol\u00eamicos empr\u00e9stimos de US$ 1,3 bilh\u00e3o para a Odebrecht em Angola e na Venezuela.<\/p>\n<p>&nbsp;<\/p>\n<p>N\u00e3o \u00e9 s\u00f3: Levy foi secret\u00e1rio do Tesouro Nacional do governo Lula justo no per\u00edodo em que come\u00e7aram os empr\u00e9stimos do BNDES \u00e0s empreiteiras que atuavam no exterior e comandaram o maior esquema de corrup\u00e7\u00e3o que se tem not\u00edcia no Brasil, o da Petrobras.<\/p>\n<p>&nbsp;<\/p>\n<p>Para quem n\u00e3o se lembra, os delatores que permitiram \u00e0 Justi\u00e7a levar Lula e outros pol\u00edticos para a pris\u00e3o disseram ao Minist\u00e9rio P\u00fablico Federal que a Odebrecht pagou para ter influ\u00eancia na Camex, \u00f3rg\u00e3o no qual o ministro da Fazenda tem assento.<\/p>\n<p>&nbsp;<\/p>\n<p>No governo Bolsonaro, por sinal, a Camex, assim como todo o Minist\u00e9rio da Ind\u00fastria e do Com\u00e9rcio Exterior (Mdic), ser\u00e1 incorporada pelo Minist\u00e9rio da Economia, que ser\u00e1 comandado por Paulo Guedes.<\/p>\n<p>&nbsp;<\/p>\n<p>Foi Guedes quem convidou Levy para o comando do BNDES. Atualmente, Levy ocupa uma diretoria no Banco Mundial.<\/p>\n<p>&nbsp;<\/p>\n<p><em>Bras\u00edlia, 13h51min<\/em><\/p>\n","protected":false},"excerpt":{"rendered":"<p>O futuro presidente do Banco Nacional de Desenvolvimento Econ\u00f4mico e Social (BNDES), Joaquim Levy, tem uma longa liga\u00e7\u00e3o com a institui\u00e7\u00e3o, ressaltam integrantes do governo que j\u00e1 trabalharam com ele. &nbsp; Como ministro da Fazenda de Dilma Rousseff, Levy nomeava os representantes do Comit\u00ea de Financiamento e Garantia das Exporta\u00e7\u00f5es (Cofig), que integra a C\u00e2mara [&hellip;]<\/p>\n","protected":false},"author":22,"featured_media":0,"comment_status":"open","ping_status":"closed","sticky":false,"template":"","format":"standard","meta":{"footnotes":""},"categories":[600],"tags":[],"class_list":["post-9417","post","type-post","status-publish","format-standard","hentry","category-economia"],"_links":{"self":[{"href":"https:\/\/blogs.correiobraziliense.com.br\/vicente\/wp-json\/wp\/v2\/posts\/9417","targetHints":{"allow":["GET"]}}],"collection":[{"href":"https:\/\/blogs.correiobraziliense.com.br\/vicente\/wp-json\/wp\/v2\/posts"}],"about":[{"href":"https:\/\/blogs.correiobraziliense.com.br\/vicente\/wp-json\/wp\/v2\/types\/post"}],"author":[{"embeddable":true,"href":"https:\/\/blogs.correiobraziliense.com.br\/vicente\/wp-json\/wp\/v2\/users\/22"}],"replies":[{"embeddable":true,"href":"https:\/\/blogs.correiobraziliense.com.br\/vicente\/wp-json\/wp\/v2\/comments?post=9417"}],"version-history":[{"count":1,"href":"https:\/\/blogs.correiobraziliense.com.br\/vicente\/wp-json\/wp\/v2\/posts\/9417\/revisions"}],"predecessor-version":[{"id":9418,"href":"https:\/\/blogs.correiobraziliense.com.br\/vicente\/wp-json\/wp\/v2\/posts\/9417\/revisions\/9418"}],"wp:attachment":[{"href":"https:\/\/blogs.correiobraziliense.com.br\/vicente\/wp-json\/wp\/v2\/media?parent=9417"}],"wp:term":[{"taxonomy":"category","embeddable":true,"href":"https:\/\/blogs.correiobraziliense.com.br\/vicente\/wp-json\/wp\/v2\/categories?post=9417"},{"taxonomy":"post_tag","embeddable":true,"href":"https:\/\/blogs.correiobraziliense.com.br\/vicente\/wp-json\/wp\/v2\/tags?post=9417"}],"curies":[{"name":"wp","href":"https:\/\/api.w.org\/{rel}","templated":true}]}}