{"id":9415,"date":"2018-11-05T19:09:25","date_gmt":"2018-11-05T21:09:25","guid":{"rendered":"https:\/\/blogs.correiobraziliense.com.br\/vicente\/?p=9415"},"modified":"2018-11-05T19:09:25","modified_gmt":"2018-11-05T21:09:25","slug":"bolsonaro-diz-que-e-farsa-metodologia-do-ibge-para-calcular-desemprego","status":"publish","type":"post","link":"https:\/\/blogs.correiobraziliense.com.br\/vicente\/bolsonaro-diz-que-e-farsa-metodologia-do-ibge-para-calcular-desemprego\/","title":{"rendered":"Bolsonaro diz que \u00e9 &#8216;farsa&#8217; metodologia do IBGE para calcular desemprego"},"content":{"rendered":"<h2>HAMILTON FERRARI<\/h2>\n<h2><\/h2>\n<h2>O presidente eleito Jair Bolsonaro (PSL) sinalizou, durante entrevista \u00e0 TV Band na tarde desta segunda-feira (5\/11), que quer mudar a metodologia do Instituto Brasileiro de Geografia e Estat\u00edstica (IBGE) para calcular a taxa de desemprego. Segundo ele, benefici\u00e1rios do Bolsa Fam\u00edlia s\u00e3o contabilizados como empregados.<\/h2>\n<p>&nbsp;<\/p>\n<p>A declara\u00e7\u00e3o foi dada durante entrevista ao ao Brasil Urgente, da TV Bandeirantes. \u201cVou querer que a metodologia para dar o n\u00famero de desempregados seja alterada no Brasil. O que est\u00e1 a\u00ed \u00e9 uma farsa\u201d, citou, sobre o n\u00fameros oficiais divulgados pelo IBGE. \u201cQuem recebe Bolsa Fam\u00edlia \u00e9 tido como empregado, quem n\u00e3o procura emprego h\u00e1 mais de um ano \u00e9 tido como empregado, quem recebe seguro-desemprego \u00e9 tido como empregado. Temos que ter uma taxa de n\u00e3o desempregados, e, sim, de empregados\u201d, completou.<\/p>\n<p>&nbsp;<\/p>\n<p><em>Bras\u00edlia, 19h05min<\/em><\/p>\n","protected":false},"excerpt":{"rendered":"<p>HAMILTON FERRARI O presidente eleito Jair Bolsonaro (PSL) sinalizou, durante entrevista \u00e0 TV Band na tarde desta segunda-feira (5\/11), que quer mudar a metodologia do Instituto Brasileiro de Geografia e Estat\u00edstica (IBGE) para calcular a taxa de desemprego. Segundo ele, benefici\u00e1rios do Bolsa Fam\u00edlia s\u00e3o contabilizados como empregados. &nbsp; A declara\u00e7\u00e3o foi dada durante entrevista [&hellip;]<\/p>\n","protected":false},"author":22,"featured_media":0,"comment_status":"open","ping_status":"closed","sticky":false,"template":"","format":"standard","meta":{"footnotes":""},"categories":[600],"tags":[2554,71,391,3633],"class_list":["post-9415","post","type-post","status-publish","format-standard","hentry","category-economia","tag-bolsonaro","tag-desemprego","tag-ibge","tag-metodologia"],"_links":{"self":[{"href":"https:\/\/blogs.correiobraziliense.com.br\/vicente\/wp-json\/wp\/v2\/posts\/9415","targetHints":{"allow":["GET"]}}],"collection":[{"href":"https:\/\/blogs.correiobraziliense.com.br\/vicente\/wp-json\/wp\/v2\/posts"}],"about":[{"href":"https:\/\/blogs.correiobraziliense.com.br\/vicente\/wp-json\/wp\/v2\/types\/post"}],"author":[{"embeddable":true,"href":"https:\/\/blogs.correiobraziliense.com.br\/vicente\/wp-json\/wp\/v2\/users\/22"}],"replies":[{"embeddable":true,"href":"https:\/\/blogs.correiobraziliense.com.br\/vicente\/wp-json\/wp\/v2\/comments?post=9415"}],"version-history":[{"count":1,"href":"https:\/\/blogs.correiobraziliense.com.br\/vicente\/wp-json\/wp\/v2\/posts\/9415\/revisions"}],"predecessor-version":[{"id":9416,"href":"https:\/\/blogs.correiobraziliense.com.br\/vicente\/wp-json\/wp\/v2\/posts\/9415\/revisions\/9416"}],"wp:attachment":[{"href":"https:\/\/blogs.correiobraziliense.com.br\/vicente\/wp-json\/wp\/v2\/media?parent=9415"}],"wp:term":[{"taxonomy":"category","embeddable":true,"href":"https:\/\/blogs.correiobraziliense.com.br\/vicente\/wp-json\/wp\/v2\/categories?post=9415"},{"taxonomy":"post_tag","embeddable":true,"href":"https:\/\/blogs.correiobraziliense.com.br\/vicente\/wp-json\/wp\/v2\/tags?post=9415"}],"curies":[{"name":"wp","href":"https:\/\/api.w.org\/{rel}","templated":true}]}}