{"id":9395,"date":"2018-10-31T18:16:22","date_gmt":"2018-10-31T21:16:22","guid":{"rendered":"https:\/\/blogs.correiobraziliense.com.br\/vicente\/?p=9395"},"modified":"2018-10-31T18:16:22","modified_gmt":"2018-10-31T21:16:22","slug":"economistas-acreditam-que-taxa-selic-pode-terminar-2019-em-75-ao-ano","status":"publish","type":"post","link":"https:\/\/blogs.correiobraziliense.com.br\/vicente\/economistas-acreditam-que-taxa-selic-pode-terminar-2019-em-75-ao-ano\/","title":{"rendered":"Economistas acreditam que taxa Selic pode terminar 2019 em 7,5% ao ano"},"content":{"rendered":"<h2>HAMILTON FERRARI<\/h2>\n<h2><\/h2>\n<h2>Os economistas est\u00e3o diminuindo suas proje\u00e7\u00f5es para a taxa Selic de 2019. A mediana das expectativas do mercado est\u00e1 atualmente em 8% ao ano, mas alguns analistas avaliam que os juros podem terminar o pr\u00f3ximo ano abaixo disso, entre 7,5% e 7,75%.<\/h2>\n<p>&nbsp;<\/p>\n<p>Um deles \u00e9 o economista-chefe do Banco ABC Brasil, Lu\u00eds Ot\u00e1vio de Souza Leal. Ele avalia que, com o d\u00f3lar rondando R$ 3,70, os juros podem seguir \u201ctranquilamente\u201d em 6,5% ao ano at\u00e9 o segundo semestre de 2019. A queda na cota\u00e7\u00e3o da moeda norte-americana tende a reduzir as press\u00f5es inflacion\u00e1rias.<\/p>\n<p>&nbsp;<\/p>\n<p>Ivo Chermont, s\u00f3cio e economista-chefe da Quantitas Asset, espera que a primeira alta na Selic ocorra apenas em setembro do pr\u00f3ximo ano. \u201cSabemos h\u00e1 um per\u00edodo longo at\u00e9 l\u00e1. \u00c9 uma estimativa de 11 meses, ent\u00e3o, quanto maior a dist\u00e2ncia, maior a margem de erro. Mas, por enquanto, n\u00e3o h\u00e1 motivos para o Banco Central estar pensando em aumentar juros\u201d, apontou.<\/p>\n<p>&nbsp;<\/p>\n<p>Os dois economistas tamb\u00e9m alegam que h\u00e1 chances de que n\u00e3o seja necess\u00e1rio elevar a Selic em 2019. \u201cConsigo tra\u00e7ar um cen\u00e1rio plaus\u00edvel sem alta da Selic e s\u00f3 em 2020 ter\u00edamos um processo de normaliza\u00e7\u00e3o das taxas\u201d, disse Chermont. \u201cMas isso dependeria de termos a aprova\u00e7\u00e3o das reformas, porque h\u00e1 um cen\u00e1rio externo que ser\u00e1, no m\u00ednimo, t\u00e3o ruim quanto foi em 2018. A n\u00e3o aprova\u00e7\u00e3o das reformas tende a frustrar as expectativas, o que levaria a uma press\u00e3o maior por conta do d\u00f3lar e que torna necess\u00e1ria a alta antes do fim do ano\u201d, avaliou Souza Leal.<\/p>\n<p>&nbsp;<\/p>\n<p><em>Bras\u00edlia, 18h16min<\/em><\/p>\n","protected":false},"excerpt":{"rendered":"<p>HAMILTON FERRARI Os economistas est\u00e3o diminuindo suas proje\u00e7\u00f5es para a taxa Selic de 2019. A mediana das expectativas do mercado est\u00e1 atualmente em 8% ao ano, mas alguns analistas avaliam que os juros podem terminar o pr\u00f3ximo ano abaixo disso, entre 7,5% e 7,75%. &nbsp; Um deles \u00e9 o economista-chefe do Banco ABC Brasil, Lu\u00eds [&hellip;]<\/p>\n","protected":false},"author":22,"featured_media":0,"comment_status":"open","ping_status":"closed","sticky":false,"template":"","format":"standard","meta":{"footnotes":""},"categories":[600],"tags":[3,99,3632,4,34,2836],"class_list":["post-9395","post","type-post","status-publish","format-standard","hentry","category-economia","tag-banco-central","tag-copom","tag-economistas","tag-juros","tag-selic","tag-taxa"],"_links":{"self":[{"href":"https:\/\/blogs.correiobraziliense.com.br\/vicente\/wp-json\/wp\/v2\/posts\/9395","targetHints":{"allow":["GET"]}}],"collection":[{"href":"https:\/\/blogs.correiobraziliense.com.br\/vicente\/wp-json\/wp\/v2\/posts"}],"about":[{"href":"https:\/\/blogs.correiobraziliense.com.br\/vicente\/wp-json\/wp\/v2\/types\/post"}],"author":[{"embeddable":true,"href":"https:\/\/blogs.correiobraziliense.com.br\/vicente\/wp-json\/wp\/v2\/users\/22"}],"replies":[{"embeddable":true,"href":"https:\/\/blogs.correiobraziliense.com.br\/vicente\/wp-json\/wp\/v2\/comments?post=9395"}],"version-history":[{"count":2,"href":"https:\/\/blogs.correiobraziliense.com.br\/vicente\/wp-json\/wp\/v2\/posts\/9395\/revisions"}],"predecessor-version":[{"id":9397,"href":"https:\/\/blogs.correiobraziliense.com.br\/vicente\/wp-json\/wp\/v2\/posts\/9395\/revisions\/9397"}],"wp:attachment":[{"href":"https:\/\/blogs.correiobraziliense.com.br\/vicente\/wp-json\/wp\/v2\/media?parent=9395"}],"wp:term":[{"taxonomy":"category","embeddable":true,"href":"https:\/\/blogs.correiobraziliense.com.br\/vicente\/wp-json\/wp\/v2\/categories?post=9395"},{"taxonomy":"post_tag","embeddable":true,"href":"https:\/\/blogs.correiobraziliense.com.br\/vicente\/wp-json\/wp\/v2\/tags?post=9395"}],"curies":[{"name":"wp","href":"https:\/\/api.w.org\/{rel}","templated":true}]}}