{"id":9393,"date":"2018-10-31T18:10:47","date_gmt":"2018-10-31T21:10:47","guid":{"rendered":"https:\/\/blogs.correiobraziliense.com.br\/vicente\/?p=9393"},"modified":"2018-10-31T18:10:47","modified_gmt":"2018-10-31T21:10:47","slug":"copom-mantem-taxa-de-juros-selic-em-65-ao-ano","status":"publish","type":"post","link":"https:\/\/blogs.correiobraziliense.com.br\/vicente\/copom-mantem-taxa-de-juros-selic-em-65-ao-ano\/","title":{"rendered":"Copom mant\u00e9m taxa de juros Selic em 6,5% ao ano"},"content":{"rendered":"<h2>HAMILTON FERRARI<\/h2>\n<h2><\/h2>\n<h2>Na primeira reuni\u00e3o ap\u00f3s o resultado eleitoral, o Comit\u00ea de Pol\u00edtica Monet\u00e1ria (Copom) decidiu manter a taxa Selic em 6,5% ao ano, \u00edndice que est\u00e1 em vigor desde 22 de mar\u00e7o. \u00c9 a quinta vez que o Banco Central (BC) n\u00e3o mexeu no \u00edndice. A decis\u00e3o foi un\u00e2nime entre os diretores.<\/h2>\n<p>&nbsp;<\/p>\n<p>Com o an\u00fancio, a Selic continua no patamar mais baixo da s\u00e9rie hist\u00f3rica, iniciada em 1986. Segundo o comunicado do Copom, os indicadores recentes da atividade econ\u00f4mica continuam evidenciando recupera\u00e7\u00e3o da economia brasileira, \u201cem ritmo mais gradual que o vislumbrado no in\u00edcio do ano\u201d.<\/p>\n<p>&nbsp;<\/p>\n<p>O Banco Central entendeu que o cen\u00e1rio externo permanece desafiador, com apetite ao risco menor em rela\u00e7\u00e3o a economias emergentes. Ou seja, o Brasil perdeu atratividade para investimentos. \u201cOs principais riscos seguem associados \u00e0 normaliza\u00e7\u00e3o das taxas de juros em algumas economias avan\u00e7adas e a incertezas referentes ao com\u00e9rcio global\u201d, informou o comunicado.<\/p>\n<p>&nbsp;<\/p>\n<p>Na avalia\u00e7\u00e3o do BC, a infla\u00e7\u00e3o se encontra em n\u00edvel apropriado. A expectativa para a infla\u00e7\u00e3o de 2018 \u00e9 de 4,4%. Para 2019 e 2020, 4,2% e 4%, respectivamente. O comit\u00ea ressaltou, por\u00e9m, a necessidade de realiza\u00e7\u00e3o de reformas. \u201cUma frustra\u00e7\u00e3o das expectativas sobre a continuidade das reformas e ajustes necess\u00e1rios na economia brasileira pode afetar pr\u00eamios de risco e elevar a trajet\u00f3ria da infla\u00e7\u00e3o no horizonte relevante para a pol\u00edtica monet\u00e1ria. Esse risco se intensifica no caso de deteriora\u00e7\u00e3o do cen\u00e1rio externo para economias emergentes\u201d, apontou.<\/p>\n<p>&nbsp;<\/p>\n<p><strong>Taxa Selic<\/strong><\/p>\n<p>&nbsp;<\/p>\n<p>A defini\u00e7\u00e3o dos juros faz parte da pol\u00edtica monet\u00e1ria do pa\u00eds para controlar a infla\u00e7\u00e3o. As metas para o \u00cdndice Nacional de Pre\u00e7os ao Consumidor Amplo (IPCA) s\u00e3o estipuladas pelo Conselho Monet\u00e1rio Nacional (CMN). Para 2018, o objetivo \u00e9 levar a taxa para 4,5% e, para 2019, para 4,25%. A previs\u00e3o dos economistas ouvidos pelo BC \u00e9 de que a infla\u00e7\u00e3o termine o ano em 4,43%. Para o pr\u00f3ximo ano, a expectativa \u00e9 de 4,22%.<\/p>\n<p>&nbsp;<\/p>\n<p><em>Bras\u00edlia, 18h08min<\/em><\/p>\n","protected":false},"excerpt":{"rendered":"<p>HAMILTON FERRARI Na primeira reuni\u00e3o ap\u00f3s o resultado eleitoral, o Comit\u00ea de Pol\u00edtica Monet\u00e1ria (Copom) decidiu manter a taxa Selic em 6,5% ao ano, \u00edndice que est\u00e1 em vigor desde 22 de mar\u00e7o. \u00c9 a quinta vez que o Banco Central (BC) n\u00e3o mexeu no \u00edndice. A decis\u00e3o foi un\u00e2nime entre os diretores. &nbsp; Com [&hellip;]<\/p>\n","protected":false},"author":22,"featured_media":0,"comment_status":"open","ping_status":"closed","sticky":false,"template":"","format":"standard","meta":{"footnotes":""},"categories":[600],"tags":[3631,106,99,4,34,2836],"class_list":["post-9393","post","type-post","status-publish","format-standard","hentry","category-economia","tag-banco-centra","tag-bc","tag-copom","tag-juros","tag-selic","tag-taxa"],"_links":{"self":[{"href":"https:\/\/blogs.correiobraziliense.com.br\/vicente\/wp-json\/wp\/v2\/posts\/9393","targetHints":{"allow":["GET"]}}],"collection":[{"href":"https:\/\/blogs.correiobraziliense.com.br\/vicente\/wp-json\/wp\/v2\/posts"}],"about":[{"href":"https:\/\/blogs.correiobraziliense.com.br\/vicente\/wp-json\/wp\/v2\/types\/post"}],"author":[{"embeddable":true,"href":"https:\/\/blogs.correiobraziliense.com.br\/vicente\/wp-json\/wp\/v2\/users\/22"}],"replies":[{"embeddable":true,"href":"https:\/\/blogs.correiobraziliense.com.br\/vicente\/wp-json\/wp\/v2\/comments?post=9393"}],"version-history":[{"count":1,"href":"https:\/\/blogs.correiobraziliense.com.br\/vicente\/wp-json\/wp\/v2\/posts\/9393\/revisions"}],"predecessor-version":[{"id":9394,"href":"https:\/\/blogs.correiobraziliense.com.br\/vicente\/wp-json\/wp\/v2\/posts\/9393\/revisions\/9394"}],"wp:attachment":[{"href":"https:\/\/blogs.correiobraziliense.com.br\/vicente\/wp-json\/wp\/v2\/media?parent=9393"}],"wp:term":[{"taxonomy":"category","embeddable":true,"href":"https:\/\/blogs.correiobraziliense.com.br\/vicente\/wp-json\/wp\/v2\/categories?post=9393"},{"taxonomy":"post_tag","embeddable":true,"href":"https:\/\/blogs.correiobraziliense.com.br\/vicente\/wp-json\/wp\/v2\/tags?post=9393"}],"curies":[{"name":"wp","href":"https:\/\/api.w.org\/{rel}","templated":true}]}}