{"id":9390,"date":"2018-10-28T23:10:38","date_gmt":"2018-10-29T01:10:38","guid":{"rendered":"https:\/\/blogs.correiobraziliense.com.br\/vicente\/?p=9390"},"modified":"2018-10-28T22:37:14","modified_gmt":"2018-10-29T00:37:14","slug":"bolsonaro-tera-um-longo-caminho-a-percorrer-para-reduzir-a-desconfianca","status":"publish","type":"post","link":"https:\/\/blogs.correiobraziliense.com.br\/vicente\/bolsonaro-tera-um-longo-caminho-a-percorrer-para-reduzir-a-desconfianca\/","title":{"rendered":"Bolsonaro ter\u00e1 um longo caminho a percorrer para reduzir a desconfian\u00e7a"},"content":{"rendered":"<p>Presidente eleito do Brasil, Jair Bolsonaro, do PSL, assumiu, em seu primeiro pronunciamento oficial, compromisso com a Constitui\u00e7\u00e3o. Prometeu &#8220;recuperar&#8221; o pa\u00eds e recoloc\u00e1-lo entre as grandes na\u00e7\u00f5es do mundo. Procurou passar esperan\u00e7a, sobretudo aos jovens, e se comprometeu a pacificar o pa\u00eds, perigosamente mergulhado em um clima de radicaliza\u00e7\u00e3o.<\/p>\n<p>&nbsp;<\/p>\n<p>Mesmo com os quase 58 milh\u00f5es de votos que recebeu no segundo turno das elei\u00e7\u00f5es, Bolsonaro \u00e9 uma grande inc\u00f3gnita, principalmente diante dos problemas que o Brasil enfrenta. H\u00e1 uma crise \u00e9tica sem precedentes. Uma desconfian\u00e7a enorme em rela\u00e7\u00e3o aos pol\u00edticos. E uma intermin\u00e1vel crise econ\u00f4mica.<\/p>\n<p>&nbsp;<\/p>\n<p>\u00c9 na economia, por\u00e9m, que o presidente eleito ter\u00e1 que centrar fogo. Por mais que os brasileiros que votaram nele tenham elegido o combate \u00e0 corrup\u00e7\u00e3o como prioridade, se ele n\u00e3o conseguir retirar o pa\u00eds do atoleiro, da recess\u00e3o profunda iniciada em 2014, dificilmente conseguir\u00e1 atender \u00e0s expectativas.<\/p>\n<p>&nbsp;<\/p>\n<p>Os brasileiros, daqui por diante, v\u00e3o cobrar uma rea\u00e7\u00e3o forte da atividade econ\u00f4mica. H\u00e1 quase 13 milh\u00f5es de desempregados. Outros 14 milh\u00f5es dizem que n\u00e3o ganham o suficiente para fechar as contas do m\u00eas. S\u00e3o os subempregados. Mais de 4,5 milh\u00f5es de brasileiros simplesmente desistiram de procurar trabalho. S\u00e3o os desalentados.<\/p>\n<p>&nbsp;<\/p>\n<p>O problema se agrava porque o governo n\u00e3o tem condi\u00e7\u00f5es de promover pol\u00edticas para incentivar a economia, pois est\u00e1 com as contas p\u00fablicas em frangalhos. Entre 2008 e 2009, o ent\u00e3o presidente Lula conseguiu enfrentar, com sucesso, o terremoto provocado pelo estouro da bolha imobili\u00e1ria norte-americana justamente usando a folga de caixa para fazer o que os especialistas chamam de pol\u00edtica antic\u00edclica.<\/p>\n<p>&nbsp;<\/p>\n<p>Bolsonaro ter\u00e1 que lidar com um deficit p\u00fablico monstruoso. Quando tomar posse, j\u00e1 ter\u00e1 que enfrentar um rombo previsto de R$ 139 bilh\u00f5es. Al\u00e9m disso, h\u00e1 o risco de o governo descumprir a tal regra de ouro, que impede o governo de se endividar para pagar gastos correntes, como sal\u00e1rios de servidores e aposentadorias e pens\u00f5es. Para n\u00e3o descumprir a regra de ouro, ter\u00e1 que arrumar mais de R$ 250 bilh\u00f5es.<\/p>\n<p>&nbsp;<\/p>\n<p>A gravidade da situa\u00e7\u00e3o fiscal est\u00e1, inclusive, na base da desconfian\u00e7a que atormenta o pa\u00eds. Sem perspectiva de melhora nas contas p\u00fablicas, os investidores, que poderiam ampliar seus neg\u00f3cios para ofertar empregos, mant\u00eam o p\u00e9 no freio. Na melhor das hip\u00f3teses, as contas s\u00f3 voltar\u00e3o ao azul em 2025.<\/p>\n<p>&nbsp;<\/p>\n<p>O ponto crucial para a melhora das contas p\u00fablicas \u00e9 a reforma da Previd\u00eancia. Sobre esse quesito, o capit\u00e3o reformado do Ex\u00e9rcito mudou o discurso v\u00e1rias vezes. Primeiro, defendeu as mudan\u00e7as e jogou a culpa pelo deficit do sistema previdenci\u00e1rio no colo dos servidores p\u00fablicos, chamados por ele de &#8220;maraj\u00e1s&#8221;. Depois, disse que a reforma n\u00e3o era t\u00e3o urgente. Agora, j\u00e1 cogita encampar o projeto que o presidente Michel Temer enviou ao Congresso.<\/p>\n<p>&nbsp;<\/p>\n<p>Ou seja, a euforia que se viu entre os eleitores depois da confirma\u00e7\u00e3o da vit\u00f3ria de Bolsonaro sobre Fernando Haddad (PT) aos poucos se transformar\u00e1 em desconfian\u00e7a se as t\u00e3o propaladas mudan\u00e7as n\u00e3o vierem no ritmo da ansiedade do pa\u00eds. Por esse prisma, o presidente eleito ainda \u00e9 uma grande inc\u00f3gnita. Assim, quanto mais r\u00e1pido divulgar sua equipe econ\u00f4mica e explicitar que caminho seguir\u00e1 na economia, menor ser\u00e1 a chance de errar.<\/p>\n<p>&nbsp;<\/p>\n<p><em>Bras\u00edlia, 23h10min<\/em><\/p>\n","protected":false},"excerpt":{"rendered":"<p>Presidente eleito do Brasil, Jair Bolsonaro, do PSL, assumiu, em seu primeiro pronunciamento oficial, compromisso com a Constitui\u00e7\u00e3o. Prometeu &#8220;recuperar&#8221; o pa\u00eds e recoloc\u00e1-lo entre as grandes na\u00e7\u00f5es do mundo. Procurou passar esperan\u00e7a, sobretudo aos jovens, e se comprometeu a pacificar o pa\u00eds, perigosamente mergulhado em um clima de radicaliza\u00e7\u00e3o. &nbsp; Mesmo com os quase [&hellip;]<\/p>\n","protected":false},"author":22,"featured_media":0,"comment_status":"open","ping_status":"closed","sticky":false,"template":"","format":"standard","meta":{"footnotes":""},"categories":[600],"tags":[],"class_list":["post-9390","post","type-post","status-publish","format-standard","hentry","category-economia"],"_links":{"self":[{"href":"https:\/\/blogs.correiobraziliense.com.br\/vicente\/wp-json\/wp\/v2\/posts\/9390","targetHints":{"allow":["GET"]}}],"collection":[{"href":"https:\/\/blogs.correiobraziliense.com.br\/vicente\/wp-json\/wp\/v2\/posts"}],"about":[{"href":"https:\/\/blogs.correiobraziliense.com.br\/vicente\/wp-json\/wp\/v2\/types\/post"}],"author":[{"embeddable":true,"href":"https:\/\/blogs.correiobraziliense.com.br\/vicente\/wp-json\/wp\/v2\/users\/22"}],"replies":[{"embeddable":true,"href":"https:\/\/blogs.correiobraziliense.com.br\/vicente\/wp-json\/wp\/v2\/comments?post=9390"}],"version-history":[{"count":2,"href":"https:\/\/blogs.correiobraziliense.com.br\/vicente\/wp-json\/wp\/v2\/posts\/9390\/revisions"}],"predecessor-version":[{"id":9392,"href":"https:\/\/blogs.correiobraziliense.com.br\/vicente\/wp-json\/wp\/v2\/posts\/9390\/revisions\/9392"}],"wp:attachment":[{"href":"https:\/\/blogs.correiobraziliense.com.br\/vicente\/wp-json\/wp\/v2\/media?parent=9390"}],"wp:term":[{"taxonomy":"category","embeddable":true,"href":"https:\/\/blogs.correiobraziliense.com.br\/vicente\/wp-json\/wp\/v2\/categories?post=9390"},{"taxonomy":"post_tag","embeddable":true,"href":"https:\/\/blogs.correiobraziliense.com.br\/vicente\/wp-json\/wp\/v2\/tags?post=9390"}],"curies":[{"name":"wp","href":"https:\/\/api.w.org\/{rel}","templated":true}]}}