{"id":9356,"date":"2018-10-22T17:55:10","date_gmt":"2018-10-22T19:55:10","guid":{"rendered":"https:\/\/blogs.correiobraziliense.com.br\/vicente\/?p=9356"},"modified":"2018-10-22T17:55:10","modified_gmt":"2018-10-22T19:55:10","slug":"cni-critica-proposta-de-bolsonaro-de-criacao-do-ministerio-da-economia","status":"publish","type":"post","link":"https:\/\/blogs.correiobraziliense.com.br\/vicente\/cni-critica-proposta-de-bolsonaro-de-criacao-do-ministerio-da-economia\/","title":{"rendered":"CNI critica proposta de Bolsonaro de cria\u00e7\u00e3o do \u201cMinist\u00e9rio da Economia\u201d"},"content":{"rendered":"<h2>HAMILTON FERRARI<\/h2>\n<h2><\/h2>\n<h2>A Confedera\u00e7\u00e3o Nacional da Ind\u00fastria (CNI) criticou a inten\u00e7\u00e3o de juntar o Minist\u00e9rio da Ind\u00fastria, Com\u00e9rcio Exterior e Servi\u00e7os (MDIC) ao Minist\u00e9rio da Economia, pasta proposta pelo candidato \u00e0 Presid\u00eancia da Rep\u00fablica pelo PSL, Jair Bolsonaro. Segundo a entidade, o MDIC precisa ser forte e independente.<\/h2>\n<p>&nbsp;<\/p>\n<p>\u201cPara a ind\u00fastria brasileira, o pr\u00f3ximo governo tem o desafio de colocar o Brasil de volta no caminho do desenvolvimento econ\u00f4mico e social. Precisamos avan\u00e7ar nas reformas, garantir investimentos em infraestrutura e desburocratizar a economia de modo geral\u201d, afirmou o presidente da CNI, Robson Braga de Andrade, em comunicado \u00e0 imprensa.<\/p>\n<p>&nbsp;<\/p>\n<p>De acordo com ele, a ind\u00fastria n\u00e3o pode estar ligada a uma \u00e1rea que tem como prioridades \u201co aumento de receitas e a redu\u00e7\u00e3o de despesas\u201d. \u201cOs minist\u00e9rios da Fazenda e do Planejamento desempenham pap\u00e9is espec\u00edficos. Quem vai defender as pol\u00edticas industriais?\u201d, questiona o presidente da CNI. A inten\u00e7\u00e3o de Bolsonaro \u00e9 juntar o MDIC, o Minist\u00e9rio da Fazenda e do Planejamento num grande \u201cMinist\u00e9rio da Economia\u201d. Ele pretende reduzir para 15 o n\u00famero de pastas na Esplanada dos Minist\u00e9rios.<\/p>\n<p>&nbsp;<\/p>\n<p>Andrade destacou que a ind\u00fastria tem papel fundamental para o desenvolvimento econ\u00f4mico e social do pa\u00eds. \u201cNa ind\u00fastria, cada R$ 1,00 produzido gera outros R$ 2,32 para a economia. Na agricultura, esse um real gera R$ 1,67 e, no setor de servi\u00e7os, R$ 1,51\u201d, comunicou a nota.<\/p>\n<p>&nbsp;<\/p>\n<p>N\u00e3o \u00e9 a primeira vez que a CNI se op\u00f4s \u00e0s propostas do militar reformado. Paulo Guedes, assessor econ\u00f4mico de Bolsonaro, defende que \u00e9 preciso uma ampla abertura econ\u00f4mica nos primeiros 100 dias de governo. Em nota \u00e0 imprensa, a entidade apontou que a medida precisa ser feita por meio de acordos e n\u00e3o de forma unilateral, pois \u00e9 preciso dar condi\u00e7\u00f5es de competi\u00e7\u00e3o para as empresas brasileiras, que poderiam vir \u00e0 fal\u00eancia com a concorr\u00eancia e gerar desempregos no pa\u00eds.<\/p>\n<p>&nbsp;<\/p>\n<p><em>Bras\u00edlia, 16h53min<\/em><\/p>\n","protected":false},"excerpt":{"rendered":"<p>HAMILTON FERRARI A Confedera\u00e7\u00e3o Nacional da Ind\u00fastria (CNI) criticou a inten\u00e7\u00e3o de juntar o Minist\u00e9rio da Ind\u00fastria, Com\u00e9rcio Exterior e Servi\u00e7os (MDIC) ao Minist\u00e9rio da Economia, pasta proposta pelo candidato \u00e0 Presid\u00eancia da Rep\u00fablica pelo PSL, Jair Bolsonaro. Segundo a entidade, o MDIC precisa ser forte e independente. &nbsp; \u201cPara a ind\u00fastria brasileira, o pr\u00f3ximo [&hellip;]<\/p>\n","protected":false},"author":22,"featured_media":0,"comment_status":"open","ping_status":"closed","sticky":false,"template":"","format":"standard","meta":{"footnotes":""},"categories":[600],"tags":[2554,706,589,3616,1836],"class_list":["post-9356","post","type-post","status-publish","format-standard","hentry","category-economia","tag-bolsonaro","tag-cni","tag-economia","tag-guedes","tag-ministerio"],"_links":{"self":[{"href":"https:\/\/blogs.correiobraziliense.com.br\/vicente\/wp-json\/wp\/v2\/posts\/9356","targetHints":{"allow":["GET"]}}],"collection":[{"href":"https:\/\/blogs.correiobraziliense.com.br\/vicente\/wp-json\/wp\/v2\/posts"}],"about":[{"href":"https:\/\/blogs.correiobraziliense.com.br\/vicente\/wp-json\/wp\/v2\/types\/post"}],"author":[{"embeddable":true,"href":"https:\/\/blogs.correiobraziliense.com.br\/vicente\/wp-json\/wp\/v2\/users\/22"}],"replies":[{"embeddable":true,"href":"https:\/\/blogs.correiobraziliense.com.br\/vicente\/wp-json\/wp\/v2\/comments?post=9356"}],"version-history":[{"count":1,"href":"https:\/\/blogs.correiobraziliense.com.br\/vicente\/wp-json\/wp\/v2\/posts\/9356\/revisions"}],"predecessor-version":[{"id":9357,"href":"https:\/\/blogs.correiobraziliense.com.br\/vicente\/wp-json\/wp\/v2\/posts\/9356\/revisions\/9357"}],"wp:attachment":[{"href":"https:\/\/blogs.correiobraziliense.com.br\/vicente\/wp-json\/wp\/v2\/media?parent=9356"}],"wp:term":[{"taxonomy":"category","embeddable":true,"href":"https:\/\/blogs.correiobraziliense.com.br\/vicente\/wp-json\/wp\/v2\/categories?post=9356"},{"taxonomy":"post_tag","embeddable":true,"href":"https:\/\/blogs.correiobraziliense.com.br\/vicente\/wp-json\/wp\/v2\/tags?post=9356"}],"curies":[{"name":"wp","href":"https:\/\/api.w.org\/{rel}","templated":true}]}}