{"id":9352,"date":"2018-10-22T17:39:59","date_gmt":"2018-10-22T19:39:59","guid":{"rendered":"https:\/\/blogs.correiobraziliense.com.br\/vicente\/?p=9352"},"modified":"2018-10-22T17:39:59","modified_gmt":"2018-10-22T19:39:59","slug":"estudo-no-brasil-busca-chegar-a-autossuficiencia-na-producao-de-insulina-para-diabeticos","status":"publish","type":"post","link":"https:\/\/blogs.correiobraziliense.com.br\/vicente\/estudo-no-brasil-busca-chegar-a-autossuficiencia-na-producao-de-insulina-para-diabeticos\/","title":{"rendered":"Estudo no Brasil busca a autossufici\u00eancia na produ\u00e7\u00e3o de insulina para diab\u00e9ticos"},"content":{"rendered":"<h2>HAMILTON FERRARI<\/h2>\n<h2><\/h2>\n<h2>Um estudo feito pela Biomm, pioneira em biotecnologia e na produ\u00e7\u00e3o de insulina no pa\u00eds, vai na dire\u00e7\u00e3o de garantir a autossufici\u00eancia nacional na produ\u00e7\u00e3o de medicamentos para a diabetes. Com 56 volunt\u00e1rio, o teste cl\u00ednico \u00e9 realizado em parceria com a Universidade Vanderbilt (Tennessee) e o Instituto de Ci\u00eancias Farmac\u00eauticas (ICF). A inten\u00e7\u00e3o \u00e9 beneficiar 14 milh\u00f5es de brasileiros que possuem a doen\u00e7a.<\/h2>\n<p>&nbsp;<\/p>\n<p>O estudo tem duas frentes: farmacocin\u00e9tica e farmacodin\u00e2mica. Segundo a Biomm, a metodologia &#8220;clamp&#8221; permite um estudo &#8220;extremamente&#8221; preciso, que consegue determinar o momento do in\u00edcio e do t\u00e9rmino do efeito da insulina no organismo.<\/p>\n<p>&nbsp;<\/p>\n<p>No mundo, uma a cada 11 pessoas tem a doen\u00e7a, sendo que a cada tr\u00eas segundos, um caso \u00e9 descoberto. De acordo com a International Diabetes Federation (IDF), s\u00f3 no Brasil s\u00e3o mais de 14 milh\u00f5es \u2014 por volta de 9,4% da popula\u00e7\u00e3o total. Todo dia, s\u00e3o 500 novas pessoas diagnosticadas.<\/p>\n<p>&nbsp;<\/p>\n<p>Os n\u00fameros preocupam, uma vez que 40 milh\u00f5es de brasileiros est\u00e3o pr\u00e9-diab\u00e9ticos e 25% devem desenvolv\u00ea-lo, nos pr\u00f3ximos cinco anos, como aponta a Sociedade Brasileira de Diabetes (SBD).<\/p>\n<p>&nbsp;<\/p>\n<p>A Biomm investiu R$ 185 milh\u00f5es na f\u00e1brica de Nova Lima (MG) para viabilizar a produ\u00e7\u00e3o de insulina. A instala\u00e7\u00e3o ainda n\u00e3o est\u00e1 em plena opera\u00e7\u00e3o, mas, ao t\u00e9rmino, ter\u00e1 capacidade para suprir toda a demanda de insulina do Brasil, que hoje \u00e9 dependente de importa\u00e7\u00e3o.<\/p>\n<p>&nbsp;<\/p>\n<p><em>Bras\u00edlia, 16h31min<\/em><\/p>\n","protected":false},"excerpt":{"rendered":"<p>HAMILTON FERRARI Um estudo feito pela Biomm, pioneira em biotecnologia e na produ\u00e7\u00e3o de insulina no pa\u00eds, vai na dire\u00e7\u00e3o de garantir a autossufici\u00eancia nacional na produ\u00e7\u00e3o de medicamentos para a diabetes. Com 56 volunt\u00e1rio, o teste cl\u00ednico \u00e9 realizado em parceria com a Universidade Vanderbilt (Tennessee) e o Instituto de Ci\u00eancias Farmac\u00eauticas (ICF). A [&hellip;]<\/p>\n","protected":false},"author":22,"featured_media":0,"comment_status":"open","ping_status":"closed","sticky":false,"template":"","format":"standard","meta":{"footnotes":""},"categories":[600],"tags":[3627,3624,3625,3626,2998],"class_list":["post-9352","post","type-post","status-publish","format-standard","hentry","category-economia","tag-autossuficiencia","tag-biomm","tag-diabetes","tag-insulina","tag-producao"],"_links":{"self":[{"href":"https:\/\/blogs.correiobraziliense.com.br\/vicente\/wp-json\/wp\/v2\/posts\/9352","targetHints":{"allow":["GET"]}}],"collection":[{"href":"https:\/\/blogs.correiobraziliense.com.br\/vicente\/wp-json\/wp\/v2\/posts"}],"about":[{"href":"https:\/\/blogs.correiobraziliense.com.br\/vicente\/wp-json\/wp\/v2\/types\/post"}],"author":[{"embeddable":true,"href":"https:\/\/blogs.correiobraziliense.com.br\/vicente\/wp-json\/wp\/v2\/users\/22"}],"replies":[{"embeddable":true,"href":"https:\/\/blogs.correiobraziliense.com.br\/vicente\/wp-json\/wp\/v2\/comments?post=9352"}],"version-history":[{"count":1,"href":"https:\/\/blogs.correiobraziliense.com.br\/vicente\/wp-json\/wp\/v2\/posts\/9352\/revisions"}],"predecessor-version":[{"id":9353,"href":"https:\/\/blogs.correiobraziliense.com.br\/vicente\/wp-json\/wp\/v2\/posts\/9352\/revisions\/9353"}],"wp:attachment":[{"href":"https:\/\/blogs.correiobraziliense.com.br\/vicente\/wp-json\/wp\/v2\/media?parent=9352"}],"wp:term":[{"taxonomy":"category","embeddable":true,"href":"https:\/\/blogs.correiobraziliense.com.br\/vicente\/wp-json\/wp\/v2\/categories?post=9352"},{"taxonomy":"post_tag","embeddable":true,"href":"https:\/\/blogs.correiobraziliense.com.br\/vicente\/wp-json\/wp\/v2\/tags?post=9352"}],"curies":[{"name":"wp","href":"https:\/\/api.w.org\/{rel}","templated":true}]}}