{"id":9349,"date":"2018-10-18T14:08:53","date_gmt":"2018-10-18T17:08:53","guid":{"rendered":"https:\/\/blogs.correiobraziliense.com.br\/vicente\/?p=9349"},"modified":"2018-10-18T17:53:22","modified_gmt":"2018-10-18T20:53:22","slug":"pros-cujo-presidente-e-procurado-pela-pf-foi-unico-partido-alem-do-pcdob-a-fazer-alianca-com-o-pt","status":"publish","type":"post","link":"https:\/\/blogs.correiobraziliense.com.br\/vicente\/pros-cujo-presidente-e-procurado-pela-pf-foi-unico-partido-alem-do-pcdob-a-fazer-alianca-com-o-pt\/","title":{"rendered":"PROS, cujo presidente \u00e9 procurado pela PF, foi \u00fanico partido, al\u00e9m do PCdoB, a fazer alian\u00e7a com o PT"},"content":{"rendered":"<p>O presidenci\u00e1vel do PT, Fernando Haddad, n\u00e3o est\u00e1 tendo tr\u00e9gua. O fogo amigo faz quest\u00e3o de bombarde\u00e1-lo. N\u00e3o bastassem os torpedos disparados por Cid Gomes, que detonou o PT, agora o partido est\u00e1 tendo que explicar sua forte liga\u00e7\u00e3o com o PROS, cujo presidente, <a href=\"https:\/\/www.correiobraziliense.com.br\/app\/noticia\/politica\/2018\/10\/18\/interna_politica,713517\/presidente-do-pros-e-ex-prefeito-sao-alvos-de-operacao-da-pf-em-brasil.shtml\">Eur\u00edpedes Junio<\/a>r, est\u00e1 sendo procurado pela Pol\u00edcia Federal por desvio de R$ 2 milh\u00f5es na aquisi\u00e7\u00e3o de gases medicinais em Bras\u00edlia e no Par\u00e1.<\/p>\n<p>&nbsp;<\/p>\n<p><a href=\"https:\/\/blogs.correiobraziliense.com.br\/vicente\/wp-content\/uploads\/sites\/16\/2018\/10\/PresidentePros.jpg\"><img loading=\"lazy\" decoding=\"async\" class=\"alignnone size-full wp-image-9350\" src=\"https:\/\/blogs.correiobraziliense.com.br\/vicente\/wp-content\/uploads\/sites\/16\/2018\/10\/PresidentePros.jpg\" alt=\"\" width=\"820\" height=\"544\" srcset=\"https:\/\/blogs.correiobraziliense.com.br\/vicente\/wp-content\/uploads\/sites\/16\/2018\/10\/PresidentePros.jpg 820w, https:\/\/blogs.correiobraziliense.com.br\/vicente\/wp-content\/uploads\/sites\/16\/2018\/10\/PresidentePros-300x199.jpg 300w, https:\/\/blogs.correiobraziliense.com.br\/vicente\/wp-content\/uploads\/sites\/16\/2018\/10\/PresidentePros-768x510.jpg 768w, https:\/\/blogs.correiobraziliense.com.br\/vicente\/wp-content\/uploads\/sites\/16\/2018\/10\/PresidentePros-350x232.jpg 350w, https:\/\/blogs.correiobraziliense.com.br\/vicente\/wp-content\/uploads\/sites\/16\/2018\/10\/PresidentePros-550x365.jpg 550w, https:\/\/blogs.correiobraziliense.com.br\/vicente\/wp-content\/uploads\/sites\/16\/2018\/10\/PresidentePros-230x153.jpg 230w\" sizes=\"auto, (max-width: 820px) 100vw, 820px\" \/><\/a><\/p>\n<p>&nbsp;<\/p>\n<p>O PROS foi o \u00fanico partido, al\u00e9m do PCdoB, que aceitou fazer alian\u00e7a com o PT nesta elei\u00e7\u00e3o. Em troca desse apoio, o partido de Haddad repassou R$ 4,5 milh\u00f5es \u00e0 legenda comandada por Eur\u00edpedes. Sabe-se que parte desse dinheiro, precisamente R$ 694 mil, foi repassada pelo presidente do PROS para a m\u00e3e dele, Dona Cida, que concorreu a deputada federal nessas elei\u00e7\u00f5es, conseguiu 38.880 votos, mas n\u00e3o se elegeu.<\/p>\n<p>&nbsp;<\/p>\n<p>A farra do presidente do PROS com dinheiro p\u00fablico \u00e9 antiga. Em uma presta\u00e7\u00e3o de contas \u00e0 Justi\u00e7a, em 2015, o partido informou que usou recursos do Fundo Partid\u00e1rio para comprar um avi\u00e3o avaliado em R$ 400 mil \u00e0 \u00e9poca. Desde ent\u00e3o, o partido entrou na mira da Pol\u00edcia Federal, que passou a acompanhar os passos de Eur\u00edpedes.<\/p>\n<p>&nbsp;<\/p>\n<p>Em mar\u00e7o de 2017, o <strong>Correio<\/strong>\u00a0informou que o presidente do PROS comprou, de forma irregular, um helic\u00f3ptero. Segundo a PF, as investiga\u00e7\u00f5es, ap\u00f3s a publica\u00e7\u00e3o da mat\u00e9ria, constataram que a &#8220;tal compra havia sido realizada pelo ex-gestor, atrav\u00e9s de pessoa interposta, e tal aeronave foi enviada para Goi\u00e2nia\/GO, onde ficou sob responsabilidade da dire\u00e7\u00e3o nacional de um partido pol\u00edtico\u201d.<\/p>\n<p>&nbsp;<\/p>\n<p>A liga\u00e7\u00e3o do PT com o PROS n\u00e3o \u00e9 boa para Haddad e certamente ser\u00e1 explorada por Jair Bolsonaro (PSL), pois cola no petista a pecha de estar pr\u00f3ximo de corruptos. O PT rebate que n\u00e3o tem controle sobre pessoas de outros partidos. Curiosamente, o PROS foi criado em 2013 pra abrigar Cid e Ciro Gomes. Cid, inclusive, foi indicado pelo partido para ser ministro da Educa\u00e7\u00e3o de Dilma Rousseff.<\/p>\n<p>&nbsp;<\/p>\n<p><em>Bras\u00edlia, 14h08min<\/em><\/p>\n","protected":false},"excerpt":{"rendered":"<p>O presidenci\u00e1vel do PT, Fernando Haddad, n\u00e3o est\u00e1 tendo tr\u00e9gua. O fogo amigo faz quest\u00e3o de bombarde\u00e1-lo. N\u00e3o bastassem os torpedos disparados por Cid Gomes, que detonou o PT, agora o partido est\u00e1 tendo que explicar sua forte liga\u00e7\u00e3o com o PROS, cujo presidente, Eur\u00edpedes Junior, est\u00e1 sendo procurado pela Pol\u00edcia Federal por desvio de [&hellip;]<\/p>\n","protected":false},"author":22,"featured_media":0,"comment_status":"open","ping_status":"closed","sticky":false,"template":"","format":"standard","meta":{"footnotes":""},"categories":[600],"tags":[],"class_list":["post-9349","post","type-post","status-publish","format-standard","hentry","category-economia"],"_links":{"self":[{"href":"https:\/\/blogs.correiobraziliense.com.br\/vicente\/wp-json\/wp\/v2\/posts\/9349","targetHints":{"allow":["GET"]}}],"collection":[{"href":"https:\/\/blogs.correiobraziliense.com.br\/vicente\/wp-json\/wp\/v2\/posts"}],"about":[{"href":"https:\/\/blogs.correiobraziliense.com.br\/vicente\/wp-json\/wp\/v2\/types\/post"}],"author":[{"embeddable":true,"href":"https:\/\/blogs.correiobraziliense.com.br\/vicente\/wp-json\/wp\/v2\/users\/22"}],"replies":[{"embeddable":true,"href":"https:\/\/blogs.correiobraziliense.com.br\/vicente\/wp-json\/wp\/v2\/comments?post=9349"}],"version-history":[{"count":1,"href":"https:\/\/blogs.correiobraziliense.com.br\/vicente\/wp-json\/wp\/v2\/posts\/9349\/revisions"}],"predecessor-version":[{"id":9351,"href":"https:\/\/blogs.correiobraziliense.com.br\/vicente\/wp-json\/wp\/v2\/posts\/9349\/revisions\/9351"}],"wp:attachment":[{"href":"https:\/\/blogs.correiobraziliense.com.br\/vicente\/wp-json\/wp\/v2\/media?parent=9349"}],"wp:term":[{"taxonomy":"category","embeddable":true,"href":"https:\/\/blogs.correiobraziliense.com.br\/vicente\/wp-json\/wp\/v2\/categories?post=9349"},{"taxonomy":"post_tag","embeddable":true,"href":"https:\/\/blogs.correiobraziliense.com.br\/vicente\/wp-json\/wp\/v2\/tags?post=9349"}],"curies":[{"name":"wp","href":"https:\/\/api.w.org\/{rel}","templated":true}]}}