{"id":934,"date":"2016-05-10T23:56:51","date_gmt":"2016-05-11T02:56:51","guid":{"rendered":"https:\/\/blogs.correiobraziliense.com.br\/vicente\/?p=934"},"modified":"2016-05-11T07:54:50","modified_gmt":"2016-05-11T10:54:50","slug":"ilan-goldfajn-sera-presidente-do-bc-de-temer","status":"publish","type":"post","link":"https:\/\/blogs.correiobraziliense.com.br\/vicente\/ilan-goldfajn-sera-presidente-do-bc-de-temer\/","title":{"rendered":"ILAN GOLDFAJN SER\u00c1 PRESIDENTE DO BC DE TEMER"},"content":{"rendered":"<p>Depois de muita negocia\u00e7\u00e3o, o futuro ministro da Fazenda, Henrique Meirelles, fechou o nome para a presid\u00eancia do Banco Central. O sucessor de Alexandre Tombini em um eventual governo de Michel\u00a0Temer ser\u00e1 o economista Ilan Goldfajn, do Ita\u00fa Unibanco. \u00a0A condi\u00e7\u00e3o para que ele aceitasse assumir o cargo foi a manuten\u00e7\u00e3o do status de minist\u00e9rio do BC, que Temer queria reverter. Com isso, Ilan garante foro privilegiado para se proteger de enxurradas de a\u00e7\u00f5es judiciais que recaem sobre a autoridade monet\u00e1ria.<\/p>\n<p>&nbsp;<\/p>\n<p>Pelo acordo fechado entre Meirelles e Ilan, o eventual governo Temer enviar\u00e1 ao Congresso um projeto propondo a autonomia formal do BC, incluindo o foro privilegiado. Enquanto, por\u00e9m, essa proposta n\u00e3o sair do papel, a institui\u00e7\u00e3o continuar\u00e1 com status de minist\u00e9rio. A ideia \u00e9 encaminhar o nome de Ilan para aprecia\u00e7\u00e3o do Senado j\u00e1 na pr\u00f3xima semana, caso o impeachment da presidente Dilma Rousseff seja aprovado hoje.<\/p>\n<p>&nbsp;<\/p>\n<p>Ilan j\u00e1 foi diretor do BC. Ocupou a diretoria de Pol\u00edtica Econ\u00f4mica na gest\u00e3o de Arm\u00ednio Fraga. Durante a mudan\u00e7a do governo de Fernando Henrique Cardoso para o de Lula, Ilan ficou seis meses no cargo, trabalhando na equipe de Meirelles quando ele comandou a autoridade monet\u00e1ria.<\/p>\n<p>&nbsp;<\/p>\n<p>O mercado v\u00ea com muito bons olhos a nomea\u00e7\u00e3o do economista do Ita\u00fa para o BC. Ele deve conduzir o processo de corte da taxa b\u00e1sica de juros (Selic), hoje em 14,25% ao ano. Esse movimento, no entanto, s\u00f3 deve ocorrer, na melhor das hip\u00f3teses, a partir de julho.<\/p>\n<p>&nbsp;<\/p>\n<p>Bras\u00edlia, 23h53min<\/p>\n","protected":false},"excerpt":{"rendered":"<p>Depois de muita negocia\u00e7\u00e3o, o futuro ministro da Fazenda, Henrique Meirelles, fechou o nome para a presid\u00eancia do Banco Central. O sucessor de Alexandre Tombini em um eventual governo de Michel\u00a0Temer ser\u00e1 o economista Ilan Goldfajn, do Ita\u00fa Unibanco. \u00a0A condi\u00e7\u00e3o para que ele aceitasse assumir o cargo foi a manuten\u00e7\u00e3o do status de minist\u00e9rio [&hellip;]<\/p>\n","protected":false},"author":22,"featured_media":0,"comment_status":"open","ping_status":"closed","sticky":false,"template":"","format":"standard","meta":{"footnotes":""},"categories":[1],"tags":[],"class_list":["post-934","post","type-post","status-publish","format-standard","hentry","category-sem-categoria"],"_links":{"self":[{"href":"https:\/\/blogs.correiobraziliense.com.br\/vicente\/wp-json\/wp\/v2\/posts\/934","targetHints":{"allow":["GET"]}}],"collection":[{"href":"https:\/\/blogs.correiobraziliense.com.br\/vicente\/wp-json\/wp\/v2\/posts"}],"about":[{"href":"https:\/\/blogs.correiobraziliense.com.br\/vicente\/wp-json\/wp\/v2\/types\/post"}],"author":[{"embeddable":true,"href":"https:\/\/blogs.correiobraziliense.com.br\/vicente\/wp-json\/wp\/v2\/users\/22"}],"replies":[{"embeddable":true,"href":"https:\/\/blogs.correiobraziliense.com.br\/vicente\/wp-json\/wp\/v2\/comments?post=934"}],"version-history":[{"count":2,"href":"https:\/\/blogs.correiobraziliense.com.br\/vicente\/wp-json\/wp\/v2\/posts\/934\/revisions"}],"predecessor-version":[{"id":936,"href":"https:\/\/blogs.correiobraziliense.com.br\/vicente\/wp-json\/wp\/v2\/posts\/934\/revisions\/936"}],"wp:attachment":[{"href":"https:\/\/blogs.correiobraziliense.com.br\/vicente\/wp-json\/wp\/v2\/media?parent=934"}],"wp:term":[{"taxonomy":"category","embeddable":true,"href":"https:\/\/blogs.correiobraziliense.com.br\/vicente\/wp-json\/wp\/v2\/categories?post=934"},{"taxonomy":"post_tag","embeddable":true,"href":"https:\/\/blogs.correiobraziliense.com.br\/vicente\/wp-json\/wp\/v2\/tags?post=934"}],"curies":[{"name":"wp","href":"https:\/\/api.w.org\/{rel}","templated":true}]}}