{"id":9328,"date":"2018-10-17T12:04:38","date_gmt":"2018-10-17T15:04:38","guid":{"rendered":"https:\/\/blogs.correiobraziliense.com.br\/vicente\/?p=9328"},"modified":"2018-10-17T12:04:38","modified_gmt":"2018-10-17T15:04:38","slug":"ceb-diz-que-pagou-obrigacoes-setoriais-e-vai-aumentar-tarifa-na-proxima-segunda-feira","status":"publish","type":"post","link":"https:\/\/blogs.correiobraziliense.com.br\/vicente\/ceb-diz-que-pagou-obrigacoes-setoriais-e-vai-aumentar-tarifa-na-proxima-segunda-feira\/","title":{"rendered":"CEB diz que pagou obriga\u00e7\u00f5es setoriais e vai aumentar tarifa na pr\u00f3xima segunda-feira"},"content":{"rendered":"<p>SIMONE KAFRUNI<\/p>\n<p>A CEB informou nesta quarta-feira que comprovou o pagamento de d\u00edvidas setoriais que impediam a distribuidora de praticar o reajuste m\u00e9dio de 6,5% deliberado pela Ag\u00eancia Nacional de Energia El\u00e9trica (Aneel) na reuni\u00e3o de ontem. O aumento passa a valer em 22 de outubro. Apesar de calcular o \u00edndice, o \u00f3rg\u00e3o regulador havia suspendido a autoriza\u00e7\u00e3o do reajuste porque a companhia estava inadimplente no setor el\u00e9trico.<\/p>\n<p>\u201cEm respeito \u00e0s rela\u00e7\u00f5es transparentes com nosso consumidor, comunicamos que a CEB Distribui\u00e7\u00e3o j\u00e1 demonstrou seu adimplemento em rela\u00e7\u00e3o \u00e0s obriga\u00e7\u00f5es intrassetoriais, estando devidamente certificada para atender \u00e0 delibera\u00e7\u00e3o na data estipulada\u201d, afirmou a companhia em nota.<\/p>\n<p>Assim, a partir da pr\u00f3xima segunda-feira, os consumidores com fornecimento em baixa tens\u00e3o, que s\u00e3o resid\u00eancias e com\u00e9rcios de pequeno porte, ter\u00e3o reajuste de 6,15% nas fatura de energia. Clientes conectados em alta tens\u00e3o, como ind\u00fastrias e os grandes com\u00e9rcios, ter\u00e3o aumento de 7,31%.<\/p>\n<p>O Reajuste Tarif\u00e1rio Anual (RTA) \u00e9 um dos mecanismos de atualiza\u00e7\u00e3o do valor da energia paga pelo consumidor, aplicado de acordo com f\u00f3rmula prevista no contrato de concess\u00e3o. Ao calcular o reajuste, a Aneel considera v\u00e1rios fatores n\u00e3o gerenci\u00e1veis pelas distribuidoras como o custo para aquisi\u00e7\u00e3o de energia, os servi\u00e7os de transmiss\u00e3o e os encargos setoriais.<\/p>\n<p>O anivers\u00e1rio da RTA da CEB \u00e9 em outubro. Por\u00e9m, a cada quatro anos, as concession\u00e1rias tamb\u00e9m t\u00eam direito a uma Revis\u00e3o Tarif\u00e1ria Extraordin\u00e1ria (RTE). No caso da CEB, a RTE foi em junho deste ano, quando a Aneel autorizou um aumento de 8,81%.<\/p>\n<p>Somados os dois reajustes, os 1,1 milh\u00e3o de consumidores atendidos pela distribuidora de Bras\u00edlia ter\u00e3o suas contas de luz majoradas em mais de 15% este ano.<\/p>\n","protected":false},"excerpt":{"rendered":"<p>SIMONE KAFRUNI A CEB informou nesta quarta-feira que comprovou o pagamento de d\u00edvidas setoriais que impediam a distribuidora de praticar o reajuste m\u00e9dio de 6,5% deliberado pela Ag\u00eancia Nacional de Energia El\u00e9trica (Aneel) na reuni\u00e3o de ontem. O aumento passa a valer em 22 de outubro. Apesar de calcular o \u00edndice, o \u00f3rg\u00e3o regulador havia [&hellip;]<\/p>\n","protected":false},"author":22,"featured_media":0,"comment_status":"open","ping_status":"closed","sticky":false,"template":"","format":"standard","meta":{"footnotes":""},"categories":[600],"tags":[],"class_list":["post-9328","post","type-post","status-publish","format-standard","hentry","category-economia"],"_links":{"self":[{"href":"https:\/\/blogs.correiobraziliense.com.br\/vicente\/wp-json\/wp\/v2\/posts\/9328","targetHints":{"allow":["GET"]}}],"collection":[{"href":"https:\/\/blogs.correiobraziliense.com.br\/vicente\/wp-json\/wp\/v2\/posts"}],"about":[{"href":"https:\/\/blogs.correiobraziliense.com.br\/vicente\/wp-json\/wp\/v2\/types\/post"}],"author":[{"embeddable":true,"href":"https:\/\/blogs.correiobraziliense.com.br\/vicente\/wp-json\/wp\/v2\/users\/22"}],"replies":[{"embeddable":true,"href":"https:\/\/blogs.correiobraziliense.com.br\/vicente\/wp-json\/wp\/v2\/comments?post=9328"}],"version-history":[{"count":1,"href":"https:\/\/blogs.correiobraziliense.com.br\/vicente\/wp-json\/wp\/v2\/posts\/9328\/revisions"}],"predecessor-version":[{"id":9329,"href":"https:\/\/blogs.correiobraziliense.com.br\/vicente\/wp-json\/wp\/v2\/posts\/9328\/revisions\/9329"}],"wp:attachment":[{"href":"https:\/\/blogs.correiobraziliense.com.br\/vicente\/wp-json\/wp\/v2\/media?parent=9328"}],"wp:term":[{"taxonomy":"category","embeddable":true,"href":"https:\/\/blogs.correiobraziliense.com.br\/vicente\/wp-json\/wp\/v2\/categories?post=9328"},{"taxonomy":"post_tag","embeddable":true,"href":"https:\/\/blogs.correiobraziliense.com.br\/vicente\/wp-json\/wp\/v2\/tags?post=9328"}],"curies":[{"name":"wp","href":"https:\/\/api.w.org\/{rel}","templated":true}]}}