{"id":9326,"date":"2018-10-17T16:20:51","date_gmt":"2018-10-17T19:20:51","guid":{"rendered":"https:\/\/blogs.correiobraziliense.com.br\/vicente\/?p=9326"},"modified":"2018-10-17T16:31:19","modified_gmt":"2018-10-17T19:31:19","slug":"familias-de-banqueiros-apoiam-manifesto-contra-bolsonaro","status":"publish","type":"post","link":"https:\/\/blogs.correiobraziliense.com.br\/vicente\/familias-de-banqueiros-apoiam-manifesto-contra-bolsonaro\/","title":{"rendered":"Fam\u00edlias de banqueiros apoiam manifesto contra Bolsonaro"},"content":{"rendered":"<h2>Apesar de o mercado financeiro estar comemorando a quase certa vit\u00f3ria do candidato Jair Bolsonaro, do PSL, \u00e0 Presid\u00eancia da Rep\u00fablica, a elite do sistema banc\u00e1rio est\u00e1 dividida. Integrantes da fam\u00edlia Moreira Salles, que fundou o Unibanco, est\u00e1 fechada com o presidenci\u00e1vel do PT, Fernando Haddad.<\/h2>\n<p>&nbsp;<\/p>\n<p>O cineasta Walter Moreira Salles, por exemplo, est\u00e1 encabe\u00e7ando um manifesto suprapartid\u00e1rio contra a elei\u00e7\u00e3o de Bolsonaro. O documento tamb\u00e9m \u00e9 apoiado pelo banqueiro Fern\u00e3o Bracher, fundador do Banco BBA e ex-presidente do Banco Central. O manifesto tem mais de 15 mil assinaturas.<\/p>\n<p>&nbsp;<\/p>\n<p>O manifesto assinado por lideran\u00e7as pol\u00edticas e da sociedade pede um entendimento mais amplo para enfrentar os riscos trazidos pela elei\u00e7\u00e3o de Bolsonaro, que representa a extrema direita e amea\u00e7a direitos civis conquistas depois de uma longa batalha. Esse grupo teme retrocessos importantes.<\/p>\n<p>&nbsp;<\/p>\n<p><strong>Em festa<\/strong><\/p>\n<p>&nbsp;<\/p>\n<p>O mercado financeiro est\u00e1 em festa com Bolsonaro. Pelos c\u00e1lculos de Andr\u00e9 Perfeito, economista-chefe da Spinelli Corretora, o \u00cdndice Ibovespa, que mede as a\u00e7\u00f5es mais negociadas na Bolsa de Valores de S\u00e3o Paulo (B3), acumula alta de 18,86% em d\u00f3lar somente neste m\u00eas. J\u00e1 o \u00edndice Merval, de Buenos Aires, acumula baixa de 1,66%. O \u00edndice Nikkei, da Bolsa de T\u00f3quio, caiu 3,96%. O \u00edndice S&amp;P, da Bolsa de Nova York, desabou 4,02%. O \u00edndice Chile Select recuou 4,36%.<\/p>\n<p>&nbsp;<\/p>\n<p>O mercado financeiro, em sua maioria, acredita que Bolsonaro, se eleito, ter\u00e1 uma pol\u00edtica mais amig\u00e1vel para os investidores. Por j\u00e1 ter anunciado Paulo Guedes como futuro ministro da Fazenda, Bolsonaro se apresenta mais liberal que Haddad, com um perfil desenhado para os donos do dinheiro.<\/p>\n<p>&nbsp;<\/p>\n<p>Nesta quarta-feira (17\/10), o d\u00f3lar cai mais de 1%, cotado a R$ 3,68. A Bovespa chegou a operar em alta, mas, por volta das 16h20, caia 0,17%. Os analistas acreditam que, depois de forte valoriza\u00e7\u00e3o no m\u00eas, os investidores aproveitaram o dia para embolsar parte dos lucros acumulados. Mas a tend\u00eancia, dizem os especialistas, \u00e9 de Bolsa em alta e de d\u00f3lar em baixa se Bolsonaro vencer as elei\u00e7\u00f5es.<\/p>\n<p>&nbsp;<\/p>\n<p><em>Bras\u00edlia, 16h20min<\/em><\/p>\n","protected":false},"excerpt":{"rendered":"<p>Apesar de o mercado financeiro estar comemorando a quase certa vit\u00f3ria do candidato Jair Bolsonaro, do PSL, \u00e0 Presid\u00eancia da Rep\u00fablica, a elite do sistema banc\u00e1rio est\u00e1 dividida. Integrantes da fam\u00edlia Moreira Salles, que fundou o Unibanco, est\u00e1 fechada com o presidenci\u00e1vel do PT, Fernando Haddad. &nbsp; O cineasta Walter Moreira Salles, por exemplo, est\u00e1 [&hellip;]<\/p>\n","protected":false},"author":22,"featured_media":0,"comment_status":"open","ping_status":"closed","sticky":false,"template":"","format":"standard","meta":{"footnotes":""},"categories":[600],"tags":[],"class_list":["post-9326","post","type-post","status-publish","format-standard","hentry","category-economia"],"_links":{"self":[{"href":"https:\/\/blogs.correiobraziliense.com.br\/vicente\/wp-json\/wp\/v2\/posts\/9326","targetHints":{"allow":["GET"]}}],"collection":[{"href":"https:\/\/blogs.correiobraziliense.com.br\/vicente\/wp-json\/wp\/v2\/posts"}],"about":[{"href":"https:\/\/blogs.correiobraziliense.com.br\/vicente\/wp-json\/wp\/v2\/types\/post"}],"author":[{"embeddable":true,"href":"https:\/\/blogs.correiobraziliense.com.br\/vicente\/wp-json\/wp\/v2\/users\/22"}],"replies":[{"embeddable":true,"href":"https:\/\/blogs.correiobraziliense.com.br\/vicente\/wp-json\/wp\/v2\/comments?post=9326"}],"version-history":[{"count":1,"href":"https:\/\/blogs.correiobraziliense.com.br\/vicente\/wp-json\/wp\/v2\/posts\/9326\/revisions"}],"predecessor-version":[{"id":9342,"href":"https:\/\/blogs.correiobraziliense.com.br\/vicente\/wp-json\/wp\/v2\/posts\/9326\/revisions\/9342"}],"wp:attachment":[{"href":"https:\/\/blogs.correiobraziliense.com.br\/vicente\/wp-json\/wp\/v2\/media?parent=9326"}],"wp:term":[{"taxonomy":"category","embeddable":true,"href":"https:\/\/blogs.correiobraziliense.com.br\/vicente\/wp-json\/wp\/v2\/categories?post=9326"},{"taxonomy":"post_tag","embeddable":true,"href":"https:\/\/blogs.correiobraziliense.com.br\/vicente\/wp-json\/wp\/v2\/tags?post=9326"}],"curies":[{"name":"wp","href":"https:\/\/api.w.org\/{rel}","templated":true}]}}