{"id":9324,"date":"2018-10-16T19:05:02","date_gmt":"2018-10-16T22:05:02","guid":{"rendered":"https:\/\/blogs.correiobraziliense.com.br\/vicente\/?p=9324"},"modified":"2018-10-16T19:31:31","modified_gmt":"2018-10-16T22:31:31","slug":"desanimo-toma-conta-da-campanha-de-haddad","status":"publish","type":"post","link":"https:\/\/blogs.correiobraziliense.com.br\/vicente\/desanimo-toma-conta-da-campanha-de-haddad\/","title":{"rendered":"Des\u00e2nimo toma conta da campanha de Haddad"},"content":{"rendered":"<h2>Os petistas mais aguerridos tentam manter a tropa unida, mas dentro da campanha do candidato do PT \u00e0 Presid\u00eancia da Rep\u00fablica, Fernando Haddad, o clima \u00e9 de total des\u00e2nimo. Ningu\u00e9m vai admitir que a toalha j\u00e1 foi jogada, mas a derrota para Jair Bolsonaro (PSL) no domingo, 28 de outubro, j\u00e1 foi assimilada. &#8220;\u00c9 quase imposs\u00edvel reverter a diferen\u00e7a de votos&#8221;, diz um graduado petista que foi reeleito para o Congresso.<\/h2>\n<p>&nbsp;<\/p>\n<p>A ordem, agora, \u00e9 evitar que Haddad tenha menos votos no segundo turno do que no primeiro. Os coordenadores da campanha n\u00e3o descartam\u00a0tal possibilidade, diante do forte aumento da rejei\u00e7\u00e3o do petista. Eles lembram que isso j\u00e1 aconteceu com Geraldo Alckmin, do PSDB, em 2006. &#8220;O tiroteio contra Haddad, sobretudo por meio de fake news, est\u00e1 enorme. Isso, sim, pode tirar votos dele&#8221;, ressalta o mesmo petista.<\/p>\n<p>&nbsp;<\/p>\n<p>Al\u00e9m do des\u00e2nimo, h\u00e1 um certa irrita\u00e7\u00e3o dentro da campanha de Haddad. Uma ala mais realista diz que o PT errou demais na estrat\u00e9gia da candidatura do ex-prefeito de S\u00e3o Paulo. Algumas decis\u00f5es s\u00f3 fizeram aumentar o sentimento anti-PT que vai eleger Bolsonaro. &#8220;Houve erros por todos os lados, a come\u00e7ar pela demora em lan\u00e7ar Haddad como candidato&#8221;, reconhece outro cacique petista.<\/p>\n<p>&nbsp;<\/p>\n<p>O PT, acrescenta um integrante da campanha de Haddad, sair\u00e1 menor das elei\u00e7\u00f5es, ainda que tenha feito uma bancada relevante na C\u00e2mara e vencido com v\u00e1rios governadores. &#8220;Se n\u00e3o assumirmos isso, s\u00f3 tenderemos ao encolhimento. Seguiremos o mesmo caminho do PSDB, que implodiu&#8221;, afirma.<\/p>\n<p>&nbsp;<\/p>\n<p>A \u00faltima estrat\u00e9gia da campanha de Haddad ser\u00e1 mudar a agenda do candidato, muito centrada em S\u00e3o Paulo, onde a rejei\u00e7\u00e3o ao PT \u00e9 avassaladora. Desde que terminou o primeiro turno, ele passou a maior parte do tempo no estado, o que n\u00e3o acrescentou nada em termos de votos. &#8220;Haddad deveria ter mergulhado em \u00e1reas onde o PT ainda \u00e9 forte&#8221;,\u00a0 frisa um deputado eleito pelo partido.<\/p>\n<p>&nbsp;<\/p>\n<p>H\u00e1, ainda, outro problema. Tem muita gente da c\u00fapula do PT jogando contra Haddad. S\u00e3o pessoas que representam tudo o que os eleitores est\u00e3o rejeitando no partido. Haddad, infelizmente, n\u00e3o conseguiu se desvencilhar das figuras que o eleitorado mais associa \u00e0 corrup\u00e7\u00e3o. &#8220;Haddad n\u00e3o teve for\u00e7as para assumir o comando da pr\u00f3pria campanha. Isso \u00e9 vis\u00edvel&#8221;, complementa o mesmo deputado.<\/p>\n<p>&nbsp;<\/p>\n<p><em>Bras\u00edlia, 19h05min<\/em><\/p>\n<p>&nbsp;<\/p>\n","protected":false},"excerpt":{"rendered":"<p>Os petistas mais aguerridos tentam manter a tropa unida, mas dentro da campanha do candidato do PT \u00e0 Presid\u00eancia da Rep\u00fablica, Fernando Haddad, o clima \u00e9 de total des\u00e2nimo. Ningu\u00e9m vai admitir que a toalha j\u00e1 foi jogada, mas a derrota para Jair Bolsonaro (PSL) no domingo, 28 de outubro, j\u00e1 foi assimilada. &#8220;\u00c9 quase [&hellip;]<\/p>\n","protected":false},"author":22,"featured_media":0,"comment_status":"open","ping_status":"closed","sticky":false,"template":"","format":"standard","meta":{"footnotes":""},"categories":[600],"tags":[],"class_list":["post-9324","post","type-post","status-publish","format-standard","hentry","category-economia"],"_links":{"self":[{"href":"https:\/\/blogs.correiobraziliense.com.br\/vicente\/wp-json\/wp\/v2\/posts\/9324","targetHints":{"allow":["GET"]}}],"collection":[{"href":"https:\/\/blogs.correiobraziliense.com.br\/vicente\/wp-json\/wp\/v2\/posts"}],"about":[{"href":"https:\/\/blogs.correiobraziliense.com.br\/vicente\/wp-json\/wp\/v2\/types\/post"}],"author":[{"embeddable":true,"href":"https:\/\/blogs.correiobraziliense.com.br\/vicente\/wp-json\/wp\/v2\/users\/22"}],"replies":[{"embeddable":true,"href":"https:\/\/blogs.correiobraziliense.com.br\/vicente\/wp-json\/wp\/v2\/comments?post=9324"}],"version-history":[{"count":1,"href":"https:\/\/blogs.correiobraziliense.com.br\/vicente\/wp-json\/wp\/v2\/posts\/9324\/revisions"}],"predecessor-version":[{"id":9325,"href":"https:\/\/blogs.correiobraziliense.com.br\/vicente\/wp-json\/wp\/v2\/posts\/9324\/revisions\/9325"}],"wp:attachment":[{"href":"https:\/\/blogs.correiobraziliense.com.br\/vicente\/wp-json\/wp\/v2\/media?parent=9324"}],"wp:term":[{"taxonomy":"category","embeddable":true,"href":"https:\/\/blogs.correiobraziliense.com.br\/vicente\/wp-json\/wp\/v2\/categories?post=9324"},{"taxonomy":"post_tag","embeddable":true,"href":"https:\/\/blogs.correiobraziliense.com.br\/vicente\/wp-json\/wp\/v2\/tags?post=9324"}],"curies":[{"name":"wp","href":"https:\/\/api.w.org\/{rel}","templated":true}]}}