{"id":9319,"date":"2018-10-16T11:15:49","date_gmt":"2018-10-16T14:15:49","guid":{"rendered":"https:\/\/blogs.correiobraziliense.com.br\/vicente\/?p=9319"},"modified":"2018-10-16T12:10:33","modified_gmt":"2018-10-16T15:10:33","slug":"aneel-autoriza-reajuste-de-650-mas-ceb-so-podera-aumentar-conta-de-luz-depois-de-pagar-divida","status":"publish","type":"post","link":"https:\/\/blogs.correiobraziliense.com.br\/vicente\/aneel-autoriza-reajuste-de-650-mas-ceb-so-podera-aumentar-conta-de-luz-depois-de-pagar-divida\/","title":{"rendered":"Aneel autoriza reajuste de 6,50%, mas CEB s\u00f3 poder\u00e1 aumentar conta de luz depois de pagar d\u00edvida"},"content":{"rendered":"<h2>SIMONE KAFRUNI<\/h2>\n<h2><\/h2>\n<h2>A Ag\u00eancia Nacional de Energia El\u00e9trica (Aneel) aprovou reajuste m\u00e9dio de 6,50% nas tarifas de eletricidade da Companhia Energ\u00e9tica de Bras\u00edlia (CEB), mas a empresa n\u00e3o poder\u00e1 repassar o aumento para as contas de luz a seus clientes porque est\u00e1 devendo R$ 150 milh\u00f5es dentro do sistema el\u00e9trico.<\/h2>\n<p>&nbsp;<\/p>\n<p>A Aneel reconhece que a CEB tem direito a fazer a corre\u00e7\u00e3o das contas de luz, mas, antes, precisa regularizar sua situa\u00e7\u00e3o. Sem a quita\u00e7\u00e3o dos d\u00e9bitos de R$ 150 milh\u00f5es, n\u00e3o h\u00e1 como repassar o custo maior aos consumidores. \u00c9 o que determina a legisla\u00e7\u00e3o. O aumento passaria a valer a partir de 22 de outubro.<\/p>\n<p>&nbsp;<\/p>\n<p>Pelos c\u00e1lculos da Aneel, o reajuste m\u00e9dio aprovado para os consumidores residenciais foi de 6,15%, e para os industriais, de 7,31%. Assim, a m\u00e9dia fica em 6,50%. A\u00a0CEB, informa a ag\u00eancia reguladora, atende 1,1 milh\u00e3o de unidades consumidoras em todo o Distrito Federal.<\/p>\n<p>&nbsp;<\/p>\n<p>Procurada, a CEB afirmou que &#8220;todas as d\u00edvidas com o setor el\u00e9trico j\u00e1 foram quitadas, restando apenas as formaliza\u00e7\u00f5es burocr\u00e1ticas para baixa dos pagamentos realizados&#8221;.<\/p>\n<p>&nbsp;<\/p>\n<p>Se o aumento de fato ocorrer em 22 de outubro vai se somar \u00e0 revis\u00e3o extraordin\u00e1ria j\u00e1 concedida pela Aneel. Em 22 de junho, a concession\u00e1ria majorou as tarifas em 8,81%.<\/p>\n<p>&nbsp;<\/p>\n<p>&nbsp;<\/p>\n<p>&nbsp;<\/p>\n<p><em>Bras\u00edlia, 11h15min<\/em><\/p>\n","protected":false},"excerpt":{"rendered":"<p>SIMONE KAFRUNI A Ag\u00eancia Nacional de Energia El\u00e9trica (Aneel) aprovou reajuste m\u00e9dio de 6,50% nas tarifas de eletricidade da Companhia Energ\u00e9tica de Bras\u00edlia (CEB), mas a empresa n\u00e3o poder\u00e1 repassar o aumento para as contas de luz a seus clientes porque est\u00e1 devendo R$ 150 milh\u00f5es dentro do sistema el\u00e9trico. &nbsp; A Aneel reconhece que [&hellip;]<\/p>\n","protected":false},"author":22,"featured_media":0,"comment_status":"open","ping_status":"closed","sticky":false,"template":"","format":"standard","meta":{"footnotes":""},"categories":[600],"tags":[],"class_list":["post-9319","post","type-post","status-publish","format-standard","hentry","category-economia"],"_links":{"self":[{"href":"https:\/\/blogs.correiobraziliense.com.br\/vicente\/wp-json\/wp\/v2\/posts\/9319","targetHints":{"allow":["GET"]}}],"collection":[{"href":"https:\/\/blogs.correiobraziliense.com.br\/vicente\/wp-json\/wp\/v2\/posts"}],"about":[{"href":"https:\/\/blogs.correiobraziliense.com.br\/vicente\/wp-json\/wp\/v2\/types\/post"}],"author":[{"embeddable":true,"href":"https:\/\/blogs.correiobraziliense.com.br\/vicente\/wp-json\/wp\/v2\/users\/22"}],"replies":[{"embeddable":true,"href":"https:\/\/blogs.correiobraziliense.com.br\/vicente\/wp-json\/wp\/v2\/comments?post=9319"}],"version-history":[{"count":3,"href":"https:\/\/blogs.correiobraziliense.com.br\/vicente\/wp-json\/wp\/v2\/posts\/9319\/revisions"}],"predecessor-version":[{"id":9323,"href":"https:\/\/blogs.correiobraziliense.com.br\/vicente\/wp-json\/wp\/v2\/posts\/9319\/revisions\/9323"}],"wp:attachment":[{"href":"https:\/\/blogs.correiobraziliense.com.br\/vicente\/wp-json\/wp\/v2\/media?parent=9319"}],"wp:term":[{"taxonomy":"category","embeddable":true,"href":"https:\/\/blogs.correiobraziliense.com.br\/vicente\/wp-json\/wp\/v2\/categories?post=9319"},{"taxonomy":"post_tag","embeddable":true,"href":"https:\/\/blogs.correiobraziliense.com.br\/vicente\/wp-json\/wp\/v2\/tags?post=9319"}],"curies":[{"name":"wp","href":"https:\/\/api.w.org\/{rel}","templated":true}]}}