{"id":9317,"date":"2018-10-15T19:15:47","date_gmt":"2018-10-15T22:15:47","guid":{"rendered":"https:\/\/blogs.correiobraziliense.com.br\/vicente\/?p=9317"},"modified":"2018-10-15T19:55:57","modified_gmt":"2018-10-15T22:55:57","slug":"equipe-economica-de-temer-se-mexe-para-ficar-com-bolsonaro","status":"publish","type":"post","link":"https:\/\/blogs.correiobraziliense.com.br\/vicente\/equipe-economica-de-temer-se-mexe-para-ficar-com-bolsonaro\/","title":{"rendered":"Equipe econ\u00f4mica de Temer se mexe para ficar com Bolsonaro"},"content":{"rendered":"<h2>Com a elei\u00e7\u00e3o entrando em sua reta final e as pesquisas de inten\u00e7\u00e3o de votos apontando para uma eventual vit\u00f3ria de Jair Bolsonaro (PSL) \u2014 ele est\u00e1 com 59% dos votos v\u00e1lidos, contra 41% de Fernando Haddad (PT) \u2014 integrantes da equipe econ\u00f4mica de Michel Temer j\u00e1 se movimentam para garantir um espa\u00e7o no pr\u00f3ximo governo.<\/h2>\n<p>&nbsp;<\/p>\n<p>As movimenta\u00e7\u00f5es s\u00e3o expl\u00edcitas, sobretudo, no Minist\u00e9rio da Fazenda, no Planejamento e na Agricultura, al\u00e9m de estatais como o Banco do Brasil e o Banco Nacional de Desenvolvimento Econ\u00f4mico e Social (BNDES). Al\u00e9m de garantirem os polpudos contracheques, os t\u00e9cnicos garantem que compartilham do programa econ\u00f4mico de Bolsonaro.<\/p>\n<p>&nbsp;<\/p>\n<p>V\u00e1rios dos que pretendem continuar no governo j\u00e1 estiveram com Paulo Guedes, que ser\u00e1 uma esp\u00e9cie de superministro do capit\u00e3o da reserva, ou com interlocutores dele. A lista inclui, por exemplo, o secret\u00e1rio do Tesouro Nacional, Mansueto Almeida, que j\u00e1 foi citado por Bolsonaro como um t\u00e9cnico de primeira linha; a secret\u00e1ria executiva da Fazenda, Ana Paula Vescovi; e o assessor especial da Fazenda Marcos Mendes, esse, um dos mais entusiasmados com a possibilidade de continuar na equipe econ\u00f4mica.<\/p>\n<p>&nbsp;<\/p>\n<p>Oficialmente, Bolsonaro s\u00f3 convidou, para sua equipe, o presidente do Banco Central, Ilan Goldfajn, que ainda n\u00e3o respondeu se aceita ou n\u00e3o permanecer no cargo a partir de janeiro de 2019. Tamb\u00e9m pode continuar na fun\u00e7\u00e3o, por pelo menos mais um ano, o presidente do Banco Nacional de Desenvolvimento Econ\u00f4mico e Social (BNDES), Dyogo Oliveira. Se convidado para continuar onde est\u00e1 ou mesmo se for deslocado para outra fun\u00e7\u00e3o, o presidente do Banco do Brasil, Paulo Rog\u00e9rio Caffarelli, tamb\u00e9m n\u00e3o se furtar\u00e1 em dizer sim.<\/p>\n<p>&nbsp;<\/p>\n<p>No Minist\u00e9rio da Agricultura, o atual secret\u00e1rio executivo, Eumar Novacki, entrou no p\u00e1reo para ser al\u00e7ado ao superminist\u00e9rio projetado por Bolsonaro, que incorporar\u00e1 o Meio Ambiente. Num primeiro momento, aventou-se que o presidente da Uni\u00e3o Democr\u00e1tica Ruralista (UDR), Luiz Ant\u00f4nio Nabhan, j\u00e1 estaria certo para comandar a Pasta. Mas o racha entre os ruralistas abriu as portas para Novacki sonhar. A Frente Parlamentar da Agricultura e a Confedera\u00e7\u00e3o Nacional da Agricultura (CNA) entraram no p\u00e1reo para indicar o ministro.<\/p>\n<p>&nbsp;<\/p>\n<p>O certo \u00e9 que, at\u00e9 bem pouco tempo visto como uma grande aventura no escuro, Bolsonaro passou a comandar cora\u00e7\u00f5es e mentes de integrantes da equipe econ\u00f4mica, que alegam confiar em Paulo Guedes para levar adiante as reformas que o governo de Temer n\u00e3o conseguiu fazer. \u00c9 l\u00f3gico que, por tr\u00e1s desse discurso, est\u00e1 o desejo de manter os contracheques e o prest\u00edgio que os cargos d\u00e3o.<\/p>\n<p>&nbsp;<\/p>\n<p><em>Bras\u00edlia, 19h15min<\/em><\/p>\n","protected":false},"excerpt":{"rendered":"<p>Com a elei\u00e7\u00e3o entrando em sua reta final e as pesquisas de inten\u00e7\u00e3o de votos apontando para uma eventual vit\u00f3ria de Jair Bolsonaro (PSL) \u2014 ele est\u00e1 com 59% dos votos v\u00e1lidos, contra 41% de Fernando Haddad (PT) \u2014 integrantes da equipe econ\u00f4mica de Michel Temer j\u00e1 se movimentam para garantir um espa\u00e7o no pr\u00f3ximo [&hellip;]<\/p>\n","protected":false},"author":22,"featured_media":0,"comment_status":"open","ping_status":"closed","sticky":false,"template":"","format":"standard","meta":{"footnotes":""},"categories":[600],"tags":[],"class_list":["post-9317","post","type-post","status-publish","format-standard","hentry","category-economia"],"_links":{"self":[{"href":"https:\/\/blogs.correiobraziliense.com.br\/vicente\/wp-json\/wp\/v2\/posts\/9317","targetHints":{"allow":["GET"]}}],"collection":[{"href":"https:\/\/blogs.correiobraziliense.com.br\/vicente\/wp-json\/wp\/v2\/posts"}],"about":[{"href":"https:\/\/blogs.correiobraziliense.com.br\/vicente\/wp-json\/wp\/v2\/types\/post"}],"author":[{"embeddable":true,"href":"https:\/\/blogs.correiobraziliense.com.br\/vicente\/wp-json\/wp\/v2\/users\/22"}],"replies":[{"embeddable":true,"href":"https:\/\/blogs.correiobraziliense.com.br\/vicente\/wp-json\/wp\/v2\/comments?post=9317"}],"version-history":[{"count":1,"href":"https:\/\/blogs.correiobraziliense.com.br\/vicente\/wp-json\/wp\/v2\/posts\/9317\/revisions"}],"predecessor-version":[{"id":9318,"href":"https:\/\/blogs.correiobraziliense.com.br\/vicente\/wp-json\/wp\/v2\/posts\/9317\/revisions\/9318"}],"wp:attachment":[{"href":"https:\/\/blogs.correiobraziliense.com.br\/vicente\/wp-json\/wp\/v2\/media?parent=9317"}],"wp:term":[{"taxonomy":"category","embeddable":true,"href":"https:\/\/blogs.correiobraziliense.com.br\/vicente\/wp-json\/wp\/v2\/categories?post=9317"},{"taxonomy":"post_tag","embeddable":true,"href":"https:\/\/blogs.correiobraziliense.com.br\/vicente\/wp-json\/wp\/v2\/tags?post=9317"}],"curies":[{"name":"wp","href":"https:\/\/api.w.org\/{rel}","templated":true}]}}