{"id":9313,"date":"2018-10-10T20:32:41","date_gmt":"2018-10-10T23:32:41","guid":{"rendered":"https:\/\/blogs.correiobraziliense.com.br\/vicente\/?p=9313"},"modified":"2018-10-10T20:34:18","modified_gmt":"2018-10-10T23:34:18","slug":"embratur-encerra-contrato-com-13-escritorios-de-promocao-no-exterior","status":"publish","type":"post","link":"https:\/\/blogs.correiobraziliense.com.br\/vicente\/embratur-encerra-contrato-com-13-escritorios-de-promocao-no-exterior\/","title":{"rendered":"Embratur encerra contrato com 13 escrit\u00f3rios de promo\u00e7\u00e3o no exterior"},"content":{"rendered":"<p>&nbsp;<\/p>\n<p>Por Simone Kafruni<\/p>\n<p>&nbsp;<\/p>\n<p>O Instituto Brasileiro de Turismo (Embratur), respons\u00e1vel pela promo\u00e7\u00e3o do Brasil no exterior, vai encerrar o contrato com 13 Escrit\u00f3rios Brasileiros de Turismo (EBT) em 25 de outubro. Os EBTs s\u00e3o respons\u00e1veis pela promo\u00e7\u00e3o, marketing e divulga\u00e7\u00e3o de produtos e destinos tur\u00edsticos brasileiros e pelo relacionamento com 23 mil empresas de turismo que atuam em v\u00e1rios pa\u00edses, definidos como mercados de interesse.<\/p>\n<p>&nbsp;<\/p>\n<p>Al\u00e9m de tr\u00eas nos Estados Unidos (Nova York, Chicago e Los Angeles), os escrit\u00f3rios atuam em Portugal, Espanha, Fran\u00e7a, Reino Unido, Alemanha, It\u00e1lia, R\u00fassia e Jap\u00e3o. O EBT da Argentina cuida de Chile e Uruguai e o do Peru abrange Col\u00f4mbia, Venezuela, Equador, Bol\u00edvia e Paraguai.<\/p>\n<p>&nbsp;<\/p>\n<p>O coordenador geral de Intelig\u00eancia Competitiva e Mercadol\u00f3gica da Embratur, Alisson Andrade, explicou que os contratos, que somam R$ 10 milh\u00f5es, ser\u00e3o encerrados, mas o trabalho da Embratur continua. \u201cOs escrit\u00f3rios nem s\u00e3o f\u00edsicos, s\u00e3o pessoas contratadas em cada pa\u00eds, por meio de duas empresas terceirizadas. Vamos continuar com o trabalho por meio de uma nova formata\u00e7\u00e3o\u201d, disse.<\/p>\n<p>&nbsp;<\/p>\n<p>O chefe de gabinete da Presid\u00eancia da Embratur, Hercy Ayres Rodrigues Filho, assinalou que a conclus\u00e3o dos contratos n\u00e3o significa que o Brasil n\u00e3o ter\u00e1 mais representantes de turismo no exterior. \u201cA Embratur est\u00e1 fazendo um novo edital para modernizar a representa\u00e7\u00e3o. O contrato que se encerra previa mapear o mercado e coletar informa\u00e7\u00f5es, o que ocorreu exaustivamente por cinco anos. Agora, j\u00e1 temos um desenho e vamos manter o relacionamento a partir dos nossos quadros\u201d, disse.<\/p>\n<p>&nbsp;<\/p>\n<p>O objetivo, explicaram v\u00e1rios integrantes da Embratur, \u00e9 reduzir custos e ganhar f\u00f4lego para aplicar o dinheiro em a\u00e7\u00f5es mais efetivas de divulga\u00e7\u00e3o. \u201cTemos um colega daqui devotado a cada um desses pa\u00edses\u201d, disse Diego Feij\u00f3, coordenador geral de Promo\u00e7\u00e3o e Eventos da Embratur. Era um contrato com data para acabar, ao contr\u00e1rio do que existe na \u00e1rea de Rela\u00e7\u00f5es P\u00fablicas, destacou Guilherme Miranda, coordenador-geral de Rela\u00e7\u00f5es P\u00fablicas da Embratur. \u201cO atendimento da m\u00eddia no exterior continua\u201d, garantiu.<\/p>\n<p>&nbsp;<\/p>\n<p><strong>Tecnologias digitais<\/strong><\/p>\n<p>&nbsp;<\/p>\n<p>Com as tecnologias digitais, as dist\u00e2ncias foram reduzidas, justifica a equipe do instituto. \u201cAinda vamos apertar as m\u00e3os de quem nos interessa como parte estrat\u00e9gica, em eventos e feiras. Os recursos dos contratos ser\u00e3o aplicados na fase de relacionamento mais ativo\u201d, disse Andrade.<\/p>\n<p>&nbsp;<\/p>\n<p>Apesar de todas as a\u00e7\u00f5es, a entrada de turistas estrangeiros no Brasil est\u00e1 estacionada na casa de 6,5 milh\u00f5es de turistas desde 2014. Per\u00edodo que coincide com a redu\u00e7\u00e3o or\u00e7ament\u00e1ria da Embratur, que recebia US$ 82 milh\u00f5es at\u00e9 2013 para fazer promo\u00e7\u00e3o no exterior. Hoje, tem US$ 17 milh\u00f5es. Para efeito de compara\u00e7\u00e3o, o M\u00e9xico gasta US$ 480 milh\u00f5es por ano.<\/p>\n<p>&nbsp;<\/p>\n<p>Ainda assim, a equipe tem metas ambiciosas. At\u00e9 2022, quer dobrar para 12 milh\u00f5es de turistas e obter receita tur\u00edstica de estrangeiros na ordem de US$ 19 bilh\u00f5es anuais. Atualmente, s\u00e3o US$ 5,9 bilh\u00f5es por ano. \u201cA Organiza\u00e7\u00e3o Mundial de Turismo diz que o ideal \u00e9 um pa\u00eds investir 2% da receita em promo\u00e7\u00e3o. No Brasil, os investimentos s\u00e3o de 0,28%, quase dez vezes menos\u201d, ressaltou Feij\u00f3.<\/p>\n","protected":false},"excerpt":{"rendered":"<p>&nbsp; Por Simone Kafruni &nbsp; O Instituto Brasileiro de Turismo (Embratur), respons\u00e1vel pela promo\u00e7\u00e3o do Brasil no exterior, vai encerrar o contrato com 13 Escrit\u00f3rios Brasileiros de Turismo (EBT) em 25 de outubro. Os EBTs s\u00e3o respons\u00e1veis pela promo\u00e7\u00e3o, marketing e divulga\u00e7\u00e3o de produtos e destinos tur\u00edsticos brasileiros e pelo relacionamento com 23 mil empresas [&hellip;]<\/p>\n","protected":false},"author":22,"featured_media":0,"comment_status":"open","ping_status":"closed","sticky":false,"template":"","format":"standard","meta":{"footnotes":""},"categories":[600],"tags":[],"class_list":["post-9313","post","type-post","status-publish","format-standard","hentry","category-economia"],"_links":{"self":[{"href":"https:\/\/blogs.correiobraziliense.com.br\/vicente\/wp-json\/wp\/v2\/posts\/9313","targetHints":{"allow":["GET"]}}],"collection":[{"href":"https:\/\/blogs.correiobraziliense.com.br\/vicente\/wp-json\/wp\/v2\/posts"}],"about":[{"href":"https:\/\/blogs.correiobraziliense.com.br\/vicente\/wp-json\/wp\/v2\/types\/post"}],"author":[{"embeddable":true,"href":"https:\/\/blogs.correiobraziliense.com.br\/vicente\/wp-json\/wp\/v2\/users\/22"}],"replies":[{"embeddable":true,"href":"https:\/\/blogs.correiobraziliense.com.br\/vicente\/wp-json\/wp\/v2\/comments?post=9313"}],"version-history":[{"count":2,"href":"https:\/\/blogs.correiobraziliense.com.br\/vicente\/wp-json\/wp\/v2\/posts\/9313\/revisions"}],"predecessor-version":[{"id":9316,"href":"https:\/\/blogs.correiobraziliense.com.br\/vicente\/wp-json\/wp\/v2\/posts\/9313\/revisions\/9316"}],"wp:attachment":[{"href":"https:\/\/blogs.correiobraziliense.com.br\/vicente\/wp-json\/wp\/v2\/media?parent=9313"}],"wp:term":[{"taxonomy":"category","embeddable":true,"href":"https:\/\/blogs.correiobraziliense.com.br\/vicente\/wp-json\/wp\/v2\/categories?post=9313"},{"taxonomy":"post_tag","embeddable":true,"href":"https:\/\/blogs.correiobraziliense.com.br\/vicente\/wp-json\/wp\/v2\/tags?post=9313"}],"curies":[{"name":"wp","href":"https:\/\/api.w.org\/{rel}","templated":true}]}}