{"id":9305,"date":"2018-10-10T16:42:27","date_gmt":"2018-10-10T19:42:27","guid":{"rendered":"https:\/\/blogs.correiobraziliense.com.br\/vicente\/?p=9305"},"modified":"2018-10-10T16:51:48","modified_gmt":"2018-10-10T19:51:48","slug":"professor-da-unb-roberto-ellery-entra-na-equipe-de-macroeconomia-de-bolsonaro","status":"publish","type":"post","link":"https:\/\/blogs.correiobraziliense.com.br\/vicente\/professor-da-unb-roberto-ellery-entra-na-equipe-de-macroeconomia-de-bolsonaro\/","title":{"rendered":"Professor da UnB, Roberto Ellery entra na equipe de macroeconomia de Bolsonaro"},"content":{"rendered":"<p>&nbsp;<\/p>\n<p>Por Simone Kafruni<\/p>\n<p>&nbsp;<\/p>\n<p>Conhecido por fazer duras cr\u00edticas ao PT, o professor de Macroeconomia da Universidade de Bras\u00edlia (UnB) Roberto Ellery aceitou participar de uma das diversas equipes que a campanha do candidato \u00e0 Presid\u00eancia da Rep\u00fablica pelo PSL, Jair Bolsonaro, est\u00e1 formando. O professor, no entanto, nega que participar\u00e1 de um eventual governo, caso Bolsonaro saia vencedor no segundo turno.<\/p>\n<p>&nbsp;<\/p>\n<p>Ellery explicou que j\u00e1 havia sido convidado a participar da equipe de produtividade da campanha pelo diretor-adjunto de estudos e pol\u00edticas regionais, urbanas e ambientais do Instituto de Pesquisa Econ\u00f4mica Aplicada (Ipea), Adolfo Sachsida, respons\u00e1vel pelo recrutamento de economistas para Bolsonaro. Por\u00e9m, negou o primeiro convite.<\/p>\n<p>&nbsp;<\/p>\n<p>Macroeconomista, Roberto Ellery trabalha com crescimento econ\u00f4mico, com \u00eanfase em produtividade, e defende a manuten\u00e7\u00e3o do trip\u00e9 macroecon\u00f4mico. \u201cAcredito que \u00e9 muito importante a disciplina fiscal. O Banco Central tem que ter compromisso com a infla\u00e7\u00e3o e tem que trabalhar para reduzi-l\u00e1. Neste sentido, a atual equipe do presidente Ilan (Goldfajn) \u00e9 excepcional. E o c\u00e2mbio tem que ser flutuante, definido pelo mercado\u201d, disse, em sua sala de professor no campus da UnB.<\/p>\n<p>&nbsp;<\/p>\n<p>\u201cNa pr\u00e9-campanha, conversei com v\u00e1rias coordena\u00e7\u00f5es e pessoalmente com os candidatos Ciro (Gomes, do PDT) e \u00c1lvaro Dias (Podemos). Mas, sobretudo, conversei muito com o Adolfo Sachsida, que \u00e9 meu amigo h\u00e1 20 anos, desde que entrei no Ipea, em 1998\u201d, contou. Segundo o professor, quando terminou o segundo turno, na segunda-feira, Sachsida ligou novamente e fez um \u201cultimato de amigo\u201d. \u201cEle me disse: agora precisamos de voc\u00ea, estamos trabalhando na parte macroecon\u00f4mica.\u201d<\/p>\n<p>&nbsp;<\/p>\n<p>Ellery assinalou que n\u00e3o vai contribuir para o programa de governo, porque esse j\u00e1 est\u00e1 pronto e publicado. \u201cTemos que entender que se Bolsonaro ganhar, ter\u00e1 tr\u00eas meses para come\u00e7ar a trabalhar. Ent\u00e3o vai precisar de uma equipe t\u00e9cnica. Eu me comprometi com o Adolfo a fazer esse trabalho, pensando no per\u00edodo de discuss\u00e3o\u201d, ressaltou.<\/p>\n<p>&nbsp;<\/p>\n<p>O professor destacou, contudo, que est\u00e1 feliz na UnB e gosta de dar aula. \u201cQuero dar minha contribui\u00e7\u00e3o para desenhar o plano econ\u00f4mico, porque entendo que a macroeconomia do Brasil precisa de ajuda e eu posso colaborar, apesar de ter uma certa m\u00e1 vontade com pol\u00edtico. Sempre tive\u201d, brincou.<\/p>\n<p>&nbsp;<\/p>\n<p>Quem conhece o professor, sabe que, nas suas redes sociais, utilizou o avatar do Cabo Daciolo durante as elei\u00e7\u00f5es. \u201cFiz isso, claramente, brincando com a pol\u00edtica. Mas agora acredito que n\u00e3o posso fugir da responsabilidade\u201d, disse.<\/p>\n<p>&nbsp;<\/p>\n<p>Ellery confirmou que tem muitas cr\u00edticas ao PT. \u201cFa\u00e7o cr\u00edticas duras, sim. Por isso aceitei o convite. Para construir uma alternativa s\u00f3lida que ajude a popula\u00e7\u00e3o e o pa\u00eds a sair dessa crise\u201d, comentou.<\/p>\n<p>&nbsp;<\/p>\n<p>O novo integrante da equipe ainda n\u00e3o teve nenhuma reuni\u00e3o com a coordena\u00e7\u00e3o de campanha de Bolsonaro, nem com os colegas. \u201cPode ser que eu chegue l\u00e1 e eles me mandem embora por detestar o que estou dizendo. Eu vou aceitar isso numa boa, porque n\u00e3o tenho pretens\u00e3o de cargo. Estou indo como quem leciona o assunto e tem ideias. Se v\u00e3o ser aceitas, eu n\u00e3o sei. Se ser\u00e3o inseridas no programa do candidato, eu tamb\u00e9m n\u00e3o sei. Estou indo com este esp\u00edrito.\u201d<\/p>\n<p>&nbsp;<\/p>\n<p>Concursado do Ipea, Ellery trabalhou no instituto por quatro anos. De l\u00e1, abdicou de um sal\u00e1rio maior para lecionar na UnB, onde est\u00e1 desde 2002. J\u00e1 foi chefe de departamento, coordenador de p\u00f3s-gradua\u00e7\u00e3o e diretor da Faculdade de Economia. Atualmente \u00e9 professor de Macroeconomia. \u201cEsta \u00e9 minha casa\u201d, completou.<\/p>\n","protected":false},"excerpt":{"rendered":"<p>&nbsp; Por Simone Kafruni &nbsp; Conhecido por fazer duras cr\u00edticas ao PT, o professor de Macroeconomia da Universidade de Bras\u00edlia (UnB) Roberto Ellery aceitou participar de uma das diversas equipes que a campanha do candidato \u00e0 Presid\u00eancia da Rep\u00fablica pelo PSL, Jair Bolsonaro, est\u00e1 formando. O professor, no entanto, nega que participar\u00e1 de um eventual [&hellip;]<\/p>\n","protected":false},"author":22,"featured_media":0,"comment_status":"open","ping_status":"closed","sticky":false,"template":"","format":"standard","meta":{"footnotes":""},"categories":[600],"tags":[],"class_list":["post-9305","post","type-post","status-publish","format-standard","hentry","category-economia"],"_links":{"self":[{"href":"https:\/\/blogs.correiobraziliense.com.br\/vicente\/wp-json\/wp\/v2\/posts\/9305","targetHints":{"allow":["GET"]}}],"collection":[{"href":"https:\/\/blogs.correiobraziliense.com.br\/vicente\/wp-json\/wp\/v2\/posts"}],"about":[{"href":"https:\/\/blogs.correiobraziliense.com.br\/vicente\/wp-json\/wp\/v2\/types\/post"}],"author":[{"embeddable":true,"href":"https:\/\/blogs.correiobraziliense.com.br\/vicente\/wp-json\/wp\/v2\/users\/22"}],"replies":[{"embeddable":true,"href":"https:\/\/blogs.correiobraziliense.com.br\/vicente\/wp-json\/wp\/v2\/comments?post=9305"}],"version-history":[{"count":7,"href":"https:\/\/blogs.correiobraziliense.com.br\/vicente\/wp-json\/wp\/v2\/posts\/9305\/revisions"}],"predecessor-version":[{"id":9312,"href":"https:\/\/blogs.correiobraziliense.com.br\/vicente\/wp-json\/wp\/v2\/posts\/9305\/revisions\/9312"}],"wp:attachment":[{"href":"https:\/\/blogs.correiobraziliense.com.br\/vicente\/wp-json\/wp\/v2\/media?parent=9305"}],"wp:term":[{"taxonomy":"category","embeddable":true,"href":"https:\/\/blogs.correiobraziliense.com.br\/vicente\/wp-json\/wp\/v2\/categories?post=9305"},{"taxonomy":"post_tag","embeddable":true,"href":"https:\/\/blogs.correiobraziliense.com.br\/vicente\/wp-json\/wp\/v2\/tags?post=9305"}],"curies":[{"name":"wp","href":"https:\/\/api.w.org\/{rel}","templated":true}]}}