{"id":9301,"date":"2018-10-10T06:22:32","date_gmt":"2018-10-10T09:22:32","guid":{"rendered":"https:\/\/blogs.correiobraziliense.com.br\/vicente\/?p=9301"},"modified":"2024-04-15T17:31:33","modified_gmt":"2024-04-15T20:31:33","slug":"df-tem-melhor-malha-rodoviaria-federal-do-pais","status":"publish","type":"post","link":"https:\/\/blogs.correiobraziliense.com.br\/vicente\/df-tem-melhor-malha-rodoviaria-federal-do-pais\/","title":{"rendered":"DF tem a melhor malha rodovi\u00e1ria federal do pa\u00eds"},"content":{"rendered":"<h2>O Distrito Federal tem a melhor malha rodovi\u00e1ria federal do pa\u00eds, segundo o indicador de qualidade das rodovias federais \u2013 \u00cdndice de Condi\u00e7\u00e3o da Manuten\u00e7\u00e3o (ICM) \u2013 do DNIT.<\/h2>\n<p>&nbsp;<\/p>\n<p>Dos 216 quil\u00f4metros de estradas, 87% est\u00e3o em boas condi\u00e7\u00f5es de conserva\u00e7\u00e3o e pavimenta\u00e7\u00e3o. Ao todo, o DF contra com seis trechos de estradas federais.<\/p>\n<p>&nbsp;<\/p>\n<p><em>Bras\u00edlia, 06h22min<\/em><\/p>\n","protected":false},"excerpt":{"rendered":"<p>O Distrito Federal tem a melhor malha rodovi\u00e1ria federal do pa\u00eds, segundo o indicador de qualidade das rodovias federais \u2013 \u00cdndice de Condi\u00e7\u00e3o da Manuten\u00e7\u00e3o (ICM) \u2013 do DNIT. &nbsp; Dos 216 quil\u00f4metros de estradas, 87% est\u00e3o em boas condi\u00e7\u00f5es de conserva\u00e7\u00e3o e pavimenta\u00e7\u00e3o. Ao todo, o DF contra com seis trechos de estradas federais. [&hellip;]<\/p>\n","protected":false},"author":22,"featured_media":0,"comment_status":"open","ping_status":"closed","sticky":false,"template":"","format":"standard","meta":{"footnotes":""},"categories":[600],"tags":[],"class_list":["post-9301","post","type-post","status-publish","format-standard","hentry","category-economia"],"_links":{"self":[{"href":"https:\/\/blogs.correiobraziliense.com.br\/vicente\/wp-json\/wp\/v2\/posts\/9301","targetHints":{"allow":["GET"]}}],"collection":[{"href":"https:\/\/blogs.correiobraziliense.com.br\/vicente\/wp-json\/wp\/v2\/posts"}],"about":[{"href":"https:\/\/blogs.correiobraziliense.com.br\/vicente\/wp-json\/wp\/v2\/types\/post"}],"author":[{"embeddable":true,"href":"https:\/\/blogs.correiobraziliense.com.br\/vicente\/wp-json\/wp\/v2\/users\/22"}],"replies":[{"embeddable":true,"href":"https:\/\/blogs.correiobraziliense.com.br\/vicente\/wp-json\/wp\/v2\/comments?post=9301"}],"version-history":[{"count":1,"href":"https:\/\/blogs.correiobraziliense.com.br\/vicente\/wp-json\/wp\/v2\/posts\/9301\/revisions"}],"predecessor-version":[{"id":9302,"href":"https:\/\/blogs.correiobraziliense.com.br\/vicente\/wp-json\/wp\/v2\/posts\/9301\/revisions\/9302"}],"wp:attachment":[{"href":"https:\/\/blogs.correiobraziliense.com.br\/vicente\/wp-json\/wp\/v2\/media?parent=9301"}],"wp:term":[{"taxonomy":"category","embeddable":true,"href":"https:\/\/blogs.correiobraziliense.com.br\/vicente\/wp-json\/wp\/v2\/categories?post=9301"},{"taxonomy":"post_tag","embeddable":true,"href":"https:\/\/blogs.correiobraziliense.com.br\/vicente\/wp-json\/wp\/v2\/tags?post=9301"}],"curies":[{"name":"wp","href":"https:\/\/api.w.org\/{rel}","templated":true}]}}