{"id":9299,"date":"2018-10-09T06:33:07","date_gmt":"2018-10-09T09:33:07","guid":{"rendered":"https:\/\/blogs.correiobraziliense.com.br\/vicente\/?p=9299"},"modified":"2018-10-09T13:35:49","modified_gmt":"2018-10-09T16:35:49","slug":"correio-economico-eleitores-de-olhos-bem-abertos","status":"publish","type":"post","link":"https:\/\/blogs.correiobraziliense.com.br\/vicente\/correio-economico-eleitores-de-olhos-bem-abertos\/","title":{"rendered":"Correio Econ\u00f4mico: Eleitores de olhos bem abertos"},"content":{"rendered":"<h2>Os eleitores s\u00e3o s\u00e1bios. O recado que deram por meio das urnas foi eloquente. N\u00e3o querem mais o modelo tradicional que imperou na pol\u00edtica. Isso ficou evidente, sobretudo, na renova\u00e7\u00e3o hist\u00f3rica do Congresso, com a expuls\u00e3o de caciques das decis\u00f5es que movem o destino do pa\u00eds \u2014 muitos deles, se ressalte, denunciados por corrup\u00e7\u00e3o. Por maiores que sejam as d\u00favidas sobre a capacidade do futuro Legislativo de atender as demandas da popula\u00e7\u00e3o, o novo reascende a esperan\u00e7a daqueles que torcem por um Brasil melhor.<\/h2>\n<p>&nbsp;<\/p>\n<p>O Congresso chegou a um n\u00edvel insuport\u00e1vel de descr\u00e9dito. Em vez de legislar em prol da maioria, sempre privilegiou um pequeno grupo afeito \u00e0 corrup\u00e7\u00e3o. Num pa\u00eds com tanto por se feito, n\u00e3o h\u00e1 mais espa\u00e7o para essa pol\u00edtica do atraso. \u00c9 inaceit\u00e1vel que parlamentares eleitos para representar o povo sejam indiciados pela pol\u00edcia por todo tipo de crime. Chegou-se ao c\u00famulo de termos deputados propondo leis durante o dia e passando a noite na cadeia. Tivemos de assistir, at\u00f4nitos, pela tev\u00ea, a Opera\u00e7\u00e3o Lava-Jato fazendo buscas e apreens\u00e3o em gabinetes da C\u00e2mara e do Senado. Como ter o respeito da popula\u00e7\u00e3o? Como acreditar nesse sistema podre, nessa velha pol\u00edtica?<\/p>\n<p>&nbsp;<\/p>\n<p>Apesar de todo alento que as elei\u00e7\u00f5es do \u00faltimo domingo trouxeram, \u00e9 preciso ficar muito atento. Teme-se que, por meio de caras novas, o Congresso n\u00e3o s\u00f3 mantenha as pr\u00e1ticas nefastas que s\u00e3o hist\u00f3ricas, mas, tamb\u00e9m, impulsione uma onda conservadora que pode p\u00f4r fim a avan\u00e7os importantes. Projetos nesse sentido n\u00e3o faltam no Legislativo. Felizmente, nos \u00faltimos anos, todas as tentativas de retrocesso foram barradas pelo bom senso de minorias que gritaram muito alto. Contudo, em meio \u00e0 onda radical que atormenta o pa\u00eds, qualquer descuido pode ser fatal.<\/p>\n<p>&nbsp;<\/p>\n<p><strong>For\u00e7a da coaliz\u00e3o<\/strong><\/p>\n<p>&nbsp;<\/p>\n<p>\u00c9 com esse novo Congresso que o futuro presidente da Rep\u00fablica ter\u00e1 de governar. N\u00e3o \u00e0 toa, economistas, empres\u00e1rios e investidores est\u00e3o mapeando qual ser\u00e1 o tamanho da for\u00e7a que o eleito em 28 de outubro ter\u00e1 para levar adiante projetos de extrema import\u00e2ncia para tirar o Brasil do atoleiro. Nenhum dos dois candidatos escolhidos para o segundo turno demonstra ter maioria. O PT de Fernando Haddad e o PSL de Jair Bolsonaro ter\u00e3o as duas maiores bancadas da C\u00e2mara dos Deputados. Mas precisar\u00e3o suar a camisa para montar uma coaliz\u00e3o consistente, dada \u00e0 fragmenta\u00e7\u00e3o das legendas.<\/p>\n<p>&nbsp;<\/p>\n<p>A expectativa \u00e9 de que o eleito consiga, ainda no primeiro ano, aprovar as duas principais reformas: a da Previd\u00eancia Social e a tribut\u00e1ria. Se conseguir, ter\u00e1 todas as condi\u00e7\u00f5es para retomar o crescimento econ\u00f4mico, reverter o desemprego e reduzir as desigualdades sociais que s\u00f3 fazem aumentar. Os especialistas dizem, por\u00e9m, que todas as mudan\u00e7as ter\u00e3o de ser feitas ainda no primeiro ano, sob o risco de o descr\u00e9dito minar a for\u00e7a que todos os governantes costumam ter em in\u00edcio de mandato. Exemplos para isso n\u00e3o faltam.<\/p>\n<p>&nbsp;<\/p>\n<p>Pelos cen\u00e1rios tra\u00e7ados por Carlos Thadeu Filho, economista s\u00eanior do Instituto Brasileiro de Economia (Ibre) da Funda\u00e7\u00e3o Get\u00falio Vargas (FGV), se o futuro presidente conseguir reformar o regime previdenci\u00e1rio e o sistema tribut\u00e1rio na primeira parte de seu mandato, poder\u00e1 manter, tranquilamente, o teto que limita o aumento de gastos p\u00fablicos at\u00e9 2021. Ser\u00e1 um desgaste a menos. Tamb\u00e9m n\u00e3o ter\u00e1 de se preocupar com a infla\u00e7\u00e3o e os juros, j\u00e1 que o teto dos gastos funciona como uma \u00e2ncora para o Banco Central. Ao limitar o crescimento das despesas pela infla\u00e7\u00e3o do ano anterior, o teto indica ao BC que n\u00e3o h\u00e1 risco de deteriora\u00e7\u00e3o fiscal.<\/p>\n<p>&nbsp;<\/p>\n<p><strong>Juros e infla\u00e7\u00e3o<\/strong><\/p>\n<p>&nbsp;<\/p>\n<p>Por mais apoio popular e do Congresso que o pr\u00f3ximo presidente da Rep\u00fablica venha a ter, \u00e9 certo que ele lidar\u00e1 com infla\u00e7\u00e3o e juros maiores. O tamanho do custo de vida e da taxa b\u00e1sica (Selic) depender\u00e1, por\u00e9m, das pol\u00edticas que ser\u00e3o adotadas na economia. No cen\u00e1rio base projetado por Thadeu Filho, em que toda a base da atual pol\u00edtica macroecon\u00f4mica ser\u00e1 mantida, o \u00cdndice de Pre\u00e7os ao Consumidor Amplo (IPCA) ficar\u00e1 em 4,6% e a Selic saltar\u00e1 dos atuais 6,5% para 8,5% ao ano. Nada que n\u00e3o seja control\u00e1vel.<\/p>\n<p>&nbsp;<\/p>\n<p>O importante, ressalta o economista, \u00e9 que n\u00e3o se cometa erros, que o futuro presidente n\u00e3o embarque em aventuras. O mercado financeiro est\u00e1 acreditando que \u00e9 mais seguro seguir com Jair Bolsonaro no comando do pa\u00eds, mesmo ele n\u00e3o tendo sido testado em nenhum cargo administrativo. Tanto que a Bolsa de Valores subiu mais de 4% ontem e o d\u00f3lar cedeu para R$ 3,77. Apesar de rejeitado pelos donos do dinheiro, Fernando Haddad tem a plena consci\u00eancia de que, com a infla\u00e7\u00e3o sob controle e os juros baixos, poder\u00e1 retomar as pol\u00edticas sociais executadas durante os governo de Lula, que engrossaram o mercado de consumo em quase 50 milh\u00f5es de pessoas.<\/p>\n<p>&nbsp;<\/p>\n<p>Diante de tantas expectativas, \u00e9 important\u00edssimo que Bolsonaro e Haddad aproveitem as pr\u00f3ximas tr\u00eas semanas para explicitarem o que pretendem fazer na economia. At\u00e9 agora, nenhum dos dois teve a preocupa\u00e7\u00e3o de mostrar aos eleitores os programas de governo para fazer o pa\u00eds crescer novamente, gerar empregos e distribuir renda. A renova\u00e7\u00e3o no Congresso \u00e9 um sinal eloquente de que ningu\u00e9m aguenta mais todas as mazelas que se arrastam desde 2014, quando o Brasil mergulhou na mais severa recess\u00e3o da hist\u00f3ria.<\/p>\n<p>&nbsp;<\/p>\n<p><em>Bras\u00edlia, 06h33min<\/em><\/p>\n","protected":false},"excerpt":{"rendered":"<p>Os eleitores s\u00e3o s\u00e1bios. O recado que deram por meio das urnas foi eloquente. N\u00e3o querem mais o modelo tradicional que imperou na pol\u00edtica. Isso ficou evidente, sobretudo, na renova\u00e7\u00e3o hist\u00f3rica do Congresso, com a expuls\u00e3o de caciques das decis\u00f5es que movem o destino do pa\u00eds \u2014 muitos deles, se ressalte, denunciados por corrup\u00e7\u00e3o. Por [&hellip;]<\/p>\n","protected":false},"author":22,"featured_media":0,"comment_status":"open","ping_status":"closed","sticky":false,"template":"","format":"standard","meta":{"footnotes":""},"categories":[600],"tags":[],"class_list":["post-9299","post","type-post","status-publish","format-standard","hentry","category-economia"],"_links":{"self":[{"href":"https:\/\/blogs.correiobraziliense.com.br\/vicente\/wp-json\/wp\/v2\/posts\/9299","targetHints":{"allow":["GET"]}}],"collection":[{"href":"https:\/\/blogs.correiobraziliense.com.br\/vicente\/wp-json\/wp\/v2\/posts"}],"about":[{"href":"https:\/\/blogs.correiobraziliense.com.br\/vicente\/wp-json\/wp\/v2\/types\/post"}],"author":[{"embeddable":true,"href":"https:\/\/blogs.correiobraziliense.com.br\/vicente\/wp-json\/wp\/v2\/users\/22"}],"replies":[{"embeddable":true,"href":"https:\/\/blogs.correiobraziliense.com.br\/vicente\/wp-json\/wp\/v2\/comments?post=9299"}],"version-history":[{"count":1,"href":"https:\/\/blogs.correiobraziliense.com.br\/vicente\/wp-json\/wp\/v2\/posts\/9299\/revisions"}],"predecessor-version":[{"id":9300,"href":"https:\/\/blogs.correiobraziliense.com.br\/vicente\/wp-json\/wp\/v2\/posts\/9299\/revisions\/9300"}],"wp:attachment":[{"href":"https:\/\/blogs.correiobraziliense.com.br\/vicente\/wp-json\/wp\/v2\/media?parent=9299"}],"wp:term":[{"taxonomy":"category","embeddable":true,"href":"https:\/\/blogs.correiobraziliense.com.br\/vicente\/wp-json\/wp\/v2\/categories?post=9299"},{"taxonomy":"post_tag","embeddable":true,"href":"https:\/\/blogs.correiobraziliense.com.br\/vicente\/wp-json\/wp\/v2\/tags?post=9299"}],"curies":[{"name":"wp","href":"https:\/\/api.w.org\/{rel}","templated":true}]}}