{"id":9267,"date":"2018-10-04T12:09:17","date_gmt":"2018-10-04T15:09:17","guid":{"rendered":"https:\/\/blogs.correiobraziliense.com.br\/vicente\/?p=9267"},"modified":"2018-10-04T13:21:26","modified_gmt":"2018-10-04T16:21:26","slug":"para-fazer-caixa-planejamento-vendera-carros-usados","status":"publish","type":"post","link":"https:\/\/blogs.correiobraziliense.com.br\/vicente\/para-fazer-caixa-planejamento-vendera-carros-usados\/","title":{"rendered":"Para fazer caixa, Planejamento vender\u00e1 carros usados"},"content":{"rendered":"<h2>BRUNO SANTA RITA<\/h2>\n<h2><\/h2>\n<h2>De olho em todas as poss\u00edveis fontes de renda, o Minist\u00e9rio do Planejamento far\u00e1 um leil\u00e3o de carros usados que pertencem a v\u00e1rios minist\u00e9rios. O governo entende que, com a implanta\u00e7\u00e3o do sistema T\u00e1viGov, que est\u00e1 sendo usado por toda a administra\u00e7\u00e3o direta no Distrito Federal, n\u00e3o h\u00e1 porque manter essas frotas, que t\u00eam elevado custo de manuten\u00e7\u00e3o. O Planejamento espera arrecadar pelo menos R$ 531, 4 mil.<\/h2>\n<p>&nbsp;<\/p>\n<p>Os ve\u00edculos estar\u00e3o\u00a0expostos de 15 a 17 de outubro no Parque dos Leil\u00f5es. A venda est\u00e1 marcada para\u00a018 de outubro. No total, ser\u00e3o ofertados 47 autom\u00f3veis. A aliena\u00e7\u00e3o, que ser\u00e1 realizada por meio de Leiloeiro P\u00fablico Oficial, ocorrer\u00e1 simultaneamente na forma presencial e eletr\u00f4nica, a partir das 10 horas.<\/p>\n<p>&nbsp;<\/p>\n<p>Segundo o Planejamento, para dar lances por meio da internet, os interessado dever\u00e3o se cadastra previamente no endere\u00e7o <em>www.parquedosleiloes.com.br]www.parquedosleiloes.com.br<\/em>. J\u00e1 os que quiserem participar do processo presencialmente ter\u00e3o que se deslocar para o Parque dos Leil\u00f5es, que fica no Guar\u00e1 II, \u00c1rea Especial 08, Lote D.<\/p>\n<p>&nbsp;<\/p>\n<p>O Planejamento informa ainda que a implanta\u00e7\u00e3o do transporte por meio de empresas de t\u00e1xis, os ve\u00edculos remanescentes da frota pr\u00f3pria dos \u00f3rg\u00e3os federais, se tornaram desnecess\u00e1rios.\u00a0O leil\u00e3o come\u00e7ar\u00e1 com a frota do Minist\u00e9rio das Rela\u00e7\u00f5es Exteriores (MRE). Considerando o potencial quantitativo de ve\u00edculos a serem alienados, foi contratado, por meio de Preg\u00e3o Eletr\u00f4nico, um leiloeiro oficial para processar os leil\u00f5es. Outros certames ser\u00e3o realizados \u00e0 medida em que forem consolidados lotes de ve\u00edculos destinados a esse fim.<\/p>\n<p>&nbsp;<\/p>\n<p>Mais informa\u00e7\u00f5es, de acordo com o Planejamento, est\u00e3o dispon\u00edveis no endere\u00e7o eletr\u00f4nico <em>http:\/\/www.planejamento.gov.br\/acesso-a-informacao\/licitacoes-e-contratos\/licitacoes\/leilao\/2018\/leilao-de-veiculos-no-01-2018<\/em>.\u00a0O leiloeiro tamb\u00e9m divulgar\u00e1 material publicit\u00e1rio em outros canais, como Facebook (Parque dos Leil\u00f5es), Instagram (@parquedosleiloes) e no pr\u00f3prio Portal de Leil\u00f5es.<\/p>\n<p>&nbsp;<\/p>\n<p><em>Bras\u00edlia, 12h09min<\/em><\/p>\n","protected":false},"excerpt":{"rendered":"<p>BRUNO SANTA RITA De olho em todas as poss\u00edveis fontes de renda, o Minist\u00e9rio do Planejamento far\u00e1 um leil\u00e3o de carros usados que pertencem a v\u00e1rios minist\u00e9rios. O governo entende que, com a implanta\u00e7\u00e3o do sistema T\u00e1viGov, que est\u00e1 sendo usado por toda a administra\u00e7\u00e3o direta no Distrito Federal, n\u00e3o h\u00e1 porque manter essas frotas, [&hellip;]<\/p>\n","protected":false},"author":22,"featured_media":0,"comment_status":"open","ping_status":"closed","sticky":false,"template":"","format":"standard","meta":{"footnotes":""},"categories":[600],"tags":[],"class_list":["post-9267","post","type-post","status-publish","format-standard","hentry","category-economia"],"_links":{"self":[{"href":"https:\/\/blogs.correiobraziliense.com.br\/vicente\/wp-json\/wp\/v2\/posts\/9267","targetHints":{"allow":["GET"]}}],"collection":[{"href":"https:\/\/blogs.correiobraziliense.com.br\/vicente\/wp-json\/wp\/v2\/posts"}],"about":[{"href":"https:\/\/blogs.correiobraziliense.com.br\/vicente\/wp-json\/wp\/v2\/types\/post"}],"author":[{"embeddable":true,"href":"https:\/\/blogs.correiobraziliense.com.br\/vicente\/wp-json\/wp\/v2\/users\/22"}],"replies":[{"embeddable":true,"href":"https:\/\/blogs.correiobraziliense.com.br\/vicente\/wp-json\/wp\/v2\/comments?post=9267"}],"version-history":[{"count":1,"href":"https:\/\/blogs.correiobraziliense.com.br\/vicente\/wp-json\/wp\/v2\/posts\/9267\/revisions"}],"predecessor-version":[{"id":9268,"href":"https:\/\/blogs.correiobraziliense.com.br\/vicente\/wp-json\/wp\/v2\/posts\/9267\/revisions\/9268"}],"wp:attachment":[{"href":"https:\/\/blogs.correiobraziliense.com.br\/vicente\/wp-json\/wp\/v2\/media?parent=9267"}],"wp:term":[{"taxonomy":"category","embeddable":true,"href":"https:\/\/blogs.correiobraziliense.com.br\/vicente\/wp-json\/wp\/v2\/categories?post=9267"},{"taxonomy":"post_tag","embeddable":true,"href":"https:\/\/blogs.correiobraziliense.com.br\/vicente\/wp-json\/wp\/v2\/tags?post=9267"}],"curies":[{"name":"wp","href":"https:\/\/api.w.org\/{rel}","templated":true}]}}