{"id":9261,"date":"2018-10-03T11:01:29","date_gmt":"2018-10-03T14:01:29","guid":{"rendered":"https:\/\/blogs.correiobraziliense.com.br\/vicente\/?p=9261"},"modified":"2018-10-03T11:05:06","modified_gmt":"2018-10-03T14:05:06","slug":"cotistas-do-pis-pasep-sacaram-r-186-bilhoes-ate-fim-do-prazo","status":"publish","type":"post","link":"https:\/\/blogs.correiobraziliense.com.br\/vicente\/cotistas-do-pis-pasep-sacaram-r-186-bilhoes-ate-fim-do-prazo\/","title":{"rendered":"Cotistas do PIS-Pasep sacaram R$ 18,6 bilh\u00f5es at\u00e9 fim do prazo"},"content":{"rendered":"<h2>HAMILTON FERRARI<\/h2>\n<h2>Os cotistas do PIS-Pasep resgataram R$ 18,6 bilh\u00f5es entre outubro de 2017 e setembro deste ano. A flexibiliza\u00e7\u00e3o dos saques beneficiou 16,6 milh\u00f5es de trabalhadores. Deste, 11,4 milh\u00f5es tinham menos de 60 anos. O prazo foi encerrado na \u00faltima sexta-feira (28\/9).<\/h2>\n<p>&nbsp;<\/p>\n<p>Os cotistas com faixa et\u00e1ria abaixo de 60 anos resgataram R$ 10,7 bilh\u00f5es. Ainda assim, 4,2 milh\u00f5es de pessoas n\u00e3o buscaram o dinheiro dentro do prazo. \u201cEsses cotistas voltar\u00e3o a ter acesso aos saques quando vierem a cumprir um dos crit\u00e9rios habituais: idade igual ou superior a 60 anos, aposentados, herdeiros de cotistas, pessoas em situa\u00e7\u00e3o de invalidez, acometidos por algumas doen\u00e7as espec\u00edficas ou titular do benef\u00edcio de presta\u00e7\u00e3o continuada (BPC)\u201d, explicou o Minist\u00e9rio do Planejamento.<\/p>\n<p>&nbsp;<\/p>\n<p>Finalizado o processo de flexibiliza\u00e7\u00e3o, 58,3% do p\u00fablico potencial resgataram seus recursos. Cerca de R$ 6 bilh\u00f5es deixaram de ser sacados. A partir de agora, apenas quem tem 60 anos ou mais poder\u00e3o sacar os recursos do fundo, o que representa 7,7 milh\u00f5es de pessoas.<\/p>\n<p>&nbsp;<\/p>\n<p><em>Bras\u00edlia, 11h01min<\/em><\/p>\n","protected":false},"excerpt":{"rendered":"<p>HAMILTON FERRARI Os cotistas do PIS-Pasep resgataram R$ 18,6 bilh\u00f5es entre outubro de 2017 e setembro deste ano. A flexibiliza\u00e7\u00e3o dos saques beneficiou 16,6 milh\u00f5es de trabalhadores. Deste, 11,4 milh\u00f5es tinham menos de 60 anos. O prazo foi encerrado na \u00faltima sexta-feira (28\/9). &nbsp; Os cotistas com faixa et\u00e1ria abaixo de 60 anos resgataram R$ [&hellip;]<\/p>\n","protected":false},"author":22,"featured_media":0,"comment_status":"open","ping_status":"closed","sticky":false,"template":"","format":"standard","meta":{"footnotes":""},"categories":[600],"tags":[150,2818,3621],"class_list":["post-9261","post","type-post","status-publish","format-standard","hentry","category-economia","tag-ministerio-do-planejamento","tag-pis-pasep","tag-saque"],"_links":{"self":[{"href":"https:\/\/blogs.correiobraziliense.com.br\/vicente\/wp-json\/wp\/v2\/posts\/9261","targetHints":{"allow":["GET"]}}],"collection":[{"href":"https:\/\/blogs.correiobraziliense.com.br\/vicente\/wp-json\/wp\/v2\/posts"}],"about":[{"href":"https:\/\/blogs.correiobraziliense.com.br\/vicente\/wp-json\/wp\/v2\/types\/post"}],"author":[{"embeddable":true,"href":"https:\/\/blogs.correiobraziliense.com.br\/vicente\/wp-json\/wp\/v2\/users\/22"}],"replies":[{"embeddable":true,"href":"https:\/\/blogs.correiobraziliense.com.br\/vicente\/wp-json\/wp\/v2\/comments?post=9261"}],"version-history":[{"count":3,"href":"https:\/\/blogs.correiobraziliense.com.br\/vicente\/wp-json\/wp\/v2\/posts\/9261\/revisions"}],"predecessor-version":[{"id":9264,"href":"https:\/\/blogs.correiobraziliense.com.br\/vicente\/wp-json\/wp\/v2\/posts\/9261\/revisions\/9264"}],"wp:attachment":[{"href":"https:\/\/blogs.correiobraziliense.com.br\/vicente\/wp-json\/wp\/v2\/media?parent=9261"}],"wp:term":[{"taxonomy":"category","embeddable":true,"href":"https:\/\/blogs.correiobraziliense.com.br\/vicente\/wp-json\/wp\/v2\/categories?post=9261"},{"taxonomy":"post_tag","embeddable":true,"href":"https:\/\/blogs.correiobraziliense.com.br\/vicente\/wp-json\/wp\/v2\/tags?post=9261"}],"curies":[{"name":"wp","href":"https:\/\/api.w.org\/{rel}","templated":true}]}}