{"id":926,"date":"2016-05-10T15:43:22","date_gmt":"2016-05-10T18:43:22","guid":{"rendered":"https:\/\/blogs.correiobraziliense.com.br\/vicente\/?p=926"},"modified":"2016-05-10T15:54:42","modified_gmt":"2016-05-10T18:54:42","slug":"caem-dirigentes-de-fundo-de-pensao-dos-empregados-do-serpro","status":"publish","type":"post","link":"https:\/\/blogs.correiobraziliense.com.br\/vicente\/caem-dirigentes-de-fundo-de-pensao-dos-empregados-do-serpro\/","title":{"rendered":"CAEM DIRIGENTES DE FUNDO DE PENS\u00c3O DOS EMPREGADOS DO SERPRO"},"content":{"rendered":"<p>ANTONIO TEM\u00d3TEO<\/p>\n<p>&nbsp;<\/p>\n<p>Em meio a uma s\u00e9rie de suspeitas de irregularidades, Cl\u00e1udio Albuquerque Nascimento e Antonio Carlos Melo da Silva renunciaram ontem, respectivamente, aos cargos de presidente executivo e presidente do Conselho Deliberativo do fundo de pens\u00e3o dos empregados do Serpro (Serpros).<\/p>\n<p>&nbsp;<\/p>\n<p>A decis\u00e3o foi tomada depois de o <strong>Correio<\/strong> revelar que os conselheiros eleitos pelos participantes da funda\u00e7\u00e3o denunciaram \u00e0 Previc, \u00f3rg\u00e3o supervisor do sistema de previd\u00eancia complementar fechado, que a reuni\u00e3o do colegiado que aprovou o nome de Nascimento para o comando do Serpros n\u00e3o teria seguido as regras previstas em lei.<\/p>\n<p>&nbsp;<\/p>\n<p>Uma reuni\u00e3o extraordin\u00e1ria do conselho deliberativo do Serpros foi convocada para as 9h da manh\u00e3 desta\u00a0 quarta-feira, 11, na sede da entidade, no Rio de Janeiro. Na ocasi\u00e3o, dever\u00e1 ser escolhido um novo nome para a presid\u00eancia do fundo, indicado pela patrocinadora.<\/p>\n<p>&nbsp;<\/p>\n<p>Os conselheiros eleitos da funda\u00e7\u00e3o defendem que o Serpro, estatal vinculada ao Minist\u00e9rio da Fazenda, apresente um candidato ao cargo que seja empregado da empresa, participante do fundo e com s\u00f3lida experi\u00eancia gerencial. Defendem ainda que o diretor de investimentos seja\u00a0 contratado no mercado, por meio de um processo seletivo, com apoio de consultoria especializada.<\/p>\n<p>&nbsp;<\/p>\n<p>O Serpros tem um hist\u00f3rico recente ruim de m\u00e1 gest\u00e3o. Desde maio de 2015, estava sob interven\u00e7\u00e3o da Previc por irregularidades na constitui\u00e7\u00e3o de reservas, provis\u00f5es e aplica\u00e7\u00f5es financeiras. Toda a diretoria executiva foi afastada e a funda\u00e7\u00e3o passou a ser gerida por um interventor. Em 2015, o plano PS-II teve superavit de R$ 325,4 milh\u00f5es e o plano PS-I saldado, deficit de R$ 109,5 milh\u00f5es.<\/p>\n<p>&nbsp;<\/p>\n<p>Veja abaixo a carta de demiss\u00e3o de Nascimento.<\/p>\n<p>&nbsp;<\/p>\n<p><a href=\"https:\/\/blogs.correiobraziliense.com.br\/vicente\/wp-content\/uploads\/sites\/16\/2016\/05\/Serpro.jpg\" rel=\"attachment wp-att-928\"><img loading=\"lazy\" decoding=\"async\" class=\"alignnone  wp-image-928\" src=\"https:\/\/blogs.correiobraziliense.com.br\/vicente\/wp-content\/uploads\/sites\/16\/2016\/05\/Serpro-300x265.jpg\" alt=\"Serpro\" width=\"547\" height=\"483\" srcset=\"https:\/\/blogs.correiobraziliense.com.br\/vicente\/wp-content\/uploads\/sites\/16\/2016\/05\/Serpro-300x265.jpg 300w, https:\/\/blogs.correiobraziliense.com.br\/vicente\/wp-content\/uploads\/sites\/16\/2016\/05\/Serpro-768x679.jpg 768w, https:\/\/blogs.correiobraziliense.com.br\/vicente\/wp-content\/uploads\/sites\/16\/2016\/05\/Serpro-1024x905.jpg 1024w, https:\/\/blogs.correiobraziliense.com.br\/vicente\/wp-content\/uploads\/sites\/16\/2016\/05\/Serpro-350x309.jpg 350w, https:\/\/blogs.correiobraziliense.com.br\/vicente\/wp-content\/uploads\/sites\/16\/2016\/05\/Serpro-550x486.jpg 550w, https:\/\/blogs.correiobraziliense.com.br\/vicente\/wp-content\/uploads\/sites\/16\/2016\/05\/Serpro-230x203.jpg 230w, https:\/\/blogs.correiobraziliense.com.br\/vicente\/wp-content\/uploads\/sites\/16\/2016\/05\/Serpro.jpg 1073w\" sizes=\"auto, (max-width: 547px) 100vw, 547px\" \/><\/a><\/p>\n<p>&nbsp;<\/p>\n<p><em>Bras\u00edlia, 15h39min<\/em><\/p>\n","protected":false},"excerpt":{"rendered":"<p>ANTONIO TEM\u00d3TEO &nbsp; Em meio a uma s\u00e9rie de suspeitas de irregularidades, Cl\u00e1udio Albuquerque Nascimento e Antonio Carlos Melo da Silva renunciaram ontem, respectivamente, aos cargos de presidente executivo e presidente do Conselho Deliberativo do fundo de pens\u00e3o dos empregados do Serpro (Serpros). &nbsp; A decis\u00e3o foi tomada depois de o Correio revelar que os [&hellip;]<\/p>\n","protected":false},"author":22,"featured_media":0,"comment_status":"open","ping_status":"closed","sticky":false,"template":"","format":"standard","meta":{"footnotes":""},"categories":[1],"tags":[],"class_list":["post-926","post","type-post","status-publish","format-standard","hentry","category-sem-categoria"],"_links":{"self":[{"href":"https:\/\/blogs.correiobraziliense.com.br\/vicente\/wp-json\/wp\/v2\/posts\/926","targetHints":{"allow":["GET"]}}],"collection":[{"href":"https:\/\/blogs.correiobraziliense.com.br\/vicente\/wp-json\/wp\/v2\/posts"}],"about":[{"href":"https:\/\/blogs.correiobraziliense.com.br\/vicente\/wp-json\/wp\/v2\/types\/post"}],"author":[{"embeddable":true,"href":"https:\/\/blogs.correiobraziliense.com.br\/vicente\/wp-json\/wp\/v2\/users\/22"}],"replies":[{"embeddable":true,"href":"https:\/\/blogs.correiobraziliense.com.br\/vicente\/wp-json\/wp\/v2\/comments?post=926"}],"version-history":[{"count":3,"href":"https:\/\/blogs.correiobraziliense.com.br\/vicente\/wp-json\/wp\/v2\/posts\/926\/revisions"}],"predecessor-version":[{"id":930,"href":"https:\/\/blogs.correiobraziliense.com.br\/vicente\/wp-json\/wp\/v2\/posts\/926\/revisions\/930"}],"wp:attachment":[{"href":"https:\/\/blogs.correiobraziliense.com.br\/vicente\/wp-json\/wp\/v2\/media?parent=926"}],"wp:term":[{"taxonomy":"category","embeddable":true,"href":"https:\/\/blogs.correiobraziliense.com.br\/vicente\/wp-json\/wp\/v2\/categories?post=926"},{"taxonomy":"post_tag","embeddable":true,"href":"https:\/\/blogs.correiobraziliense.com.br\/vicente\/wp-json\/wp\/v2\/tags?post=926"}],"curies":[{"name":"wp","href":"https:\/\/api.w.org\/{rel}","templated":true}]}}