{"id":9257,"date":"2018-10-02T19:15:12","date_gmt":"2018-10-02T22:15:12","guid":{"rendered":"https:\/\/blogs.correiobraziliense.com.br\/vicente\/?p=9257"},"modified":"2018-10-02T19:49:53","modified_gmt":"2018-10-02T22:49:53","slug":"onda-bolsonaro-pode-liquidar-eleicao-do-primeiro-turno","status":"publish","type":"post","link":"https:\/\/blogs.correiobraziliense.com.br\/vicente\/onda-bolsonaro-pode-liquidar-eleicao-do-primeiro-turno\/","title":{"rendered":"A onda Bolsonaro pode liquidar a elei\u00e7\u00e3o no primeiro turno"},"content":{"rendered":"<h2>Analistas que est\u00e3o debru\u00e7ados sobre os n\u00fameros das pesquisas Ibope e Datafolha j\u00e1 admitem que, se as inten\u00e7\u00f5es de votos de Jair Bolsonaro continuarem subindo na velocidade dos \u00faltimos dias, ele poder\u00e1 liquidar a fatura das elei\u00e7\u00f5es no primeiro turno. Tal probabilidade, que era remota, aumentou muito.<\/h2>\n<p>&nbsp;<\/p>\n<p>Os especialistas dizem que a onda Bolsonaro ganhou for\u00e7a, sobretudo, nas periferias das grandes cidades, que eram redutos do PT. Tamb\u00e9m caiu muito a resist\u00eancia ao capit\u00e3o reformado entre as mulheres, grupo no qual ele tinha enorme rejei\u00e7\u00e3o. Bolsonaro pode repetir a onda Lula de 2002.<\/p>\n<p>&nbsp;<\/p>\n<p>Segundo Datafolha, divulgada nesta ter\u00e7a-feira (02\/10), Bolsonaro subiu quatro pontos percentuais, para 32%. Foi o \u00fanico que conseguiu avan\u00e7ar na pesquisa. Fernando Haddad, que vinha em arrancada, estancou em 21%, refletindo toda a rejei\u00e7\u00e3o ao PT.<\/p>\n<p>&nbsp;<\/p>\n<p>Os analistas dizem que o discurso de direita, de resolver todos os problemas do pa\u00eds na for\u00e7a, ou na bala, como diz Bolsonaro, pegou em cheio, primeiro, as classes mais ricas e, agora, engolfou as classes menos favorecidas. Nenhum dos candidatos conseguiu se contrap\u00f4r a esse discurso.<\/p>\n<p>&nbsp;<\/p>\n<p>H\u00e1 ainda a percep\u00e7\u00e3o de que Haddad ficou colado demais em Lula. N\u00e3o criou uma identidade nova, mostrando que o PT mudou. Isso deu margem para que o sentimento anti-PT, inflado muito bem pelo discurso de Bolsonaro, minasse as chances de crescimento do petista.<\/p>\n<p>&nbsp;<\/p>\n<p>A perspectiva de vit\u00f3ria de Bolsonaro no primeiro turno j\u00e1 se reflete nos pre\u00e7os dos ativos financeiros. O d\u00f3lar encerrou a ter\u00e7a-feira cotado a R$ 3,93 para venda, com baixa de 2,14%. J\u00e1 o Ibovespa, \u00edndice que mede a lucratividade das a\u00e7\u00f5es mais negociadas pela Bolsa de Valores de S\u00e3o Paulo (B3), disparou 3,78%, para os 81.594 pontos.<\/p>\n<p>&nbsp;<\/p>\n<p>Na vis\u00e3o dos operadores do mercado, depois do Datafolha, confirmando a disparada de Bolsonaro e abrindo\u00a0a possibilidade de ele ganhar no primeiro turno, a quarta-feira (03\/10) ser\u00e1 de euforia. N\u00e3o ser\u00e1 surpresa se o d\u00f3lar cair abaixo de R$ 3,90% a o Ibovespa superar os 82 mil pontos.<\/p>\n<p>&nbsp;<\/p>\n<p><em>Bras\u00edlia, 19h15min<\/em><\/p>\n","protected":false},"excerpt":{"rendered":"<p>Analistas que est\u00e3o debru\u00e7ados sobre os n\u00fameros das pesquisas Ibope e Datafolha j\u00e1 admitem que, se as inten\u00e7\u00f5es de votos de Jair Bolsonaro continuarem subindo na velocidade dos \u00faltimos dias, ele poder\u00e1 liquidar a fatura das elei\u00e7\u00f5es no primeiro turno. Tal probabilidade, que era remota, aumentou muito. &nbsp; Os especialistas dizem que a onda Bolsonaro [&hellip;]<\/p>\n","protected":false},"author":22,"featured_media":0,"comment_status":"open","ping_status":"closed","sticky":false,"template":"","format":"standard","meta":{"footnotes":""},"categories":[600],"tags":[],"class_list":["post-9257","post","type-post","status-publish","format-standard","hentry","category-economia"],"_links":{"self":[{"href":"https:\/\/blogs.correiobraziliense.com.br\/vicente\/wp-json\/wp\/v2\/posts\/9257","targetHints":{"allow":["GET"]}}],"collection":[{"href":"https:\/\/blogs.correiobraziliense.com.br\/vicente\/wp-json\/wp\/v2\/posts"}],"about":[{"href":"https:\/\/blogs.correiobraziliense.com.br\/vicente\/wp-json\/wp\/v2\/types\/post"}],"author":[{"embeddable":true,"href":"https:\/\/blogs.correiobraziliense.com.br\/vicente\/wp-json\/wp\/v2\/users\/22"}],"replies":[{"embeddable":true,"href":"https:\/\/blogs.correiobraziliense.com.br\/vicente\/wp-json\/wp\/v2\/comments?post=9257"}],"version-history":[{"count":3,"href":"https:\/\/blogs.correiobraziliense.com.br\/vicente\/wp-json\/wp\/v2\/posts\/9257\/revisions"}],"predecessor-version":[{"id":9260,"href":"https:\/\/blogs.correiobraziliense.com.br\/vicente\/wp-json\/wp\/v2\/posts\/9257\/revisions\/9260"}],"wp:attachment":[{"href":"https:\/\/blogs.correiobraziliense.com.br\/vicente\/wp-json\/wp\/v2\/media?parent=9257"}],"wp:term":[{"taxonomy":"category","embeddable":true,"href":"https:\/\/blogs.correiobraziliense.com.br\/vicente\/wp-json\/wp\/v2\/categories?post=9257"},{"taxonomy":"post_tag","embeddable":true,"href":"https:\/\/blogs.correiobraziliense.com.br\/vicente\/wp-json\/wp\/v2\/tags?post=9257"}],"curies":[{"name":"wp","href":"https:\/\/api.w.org\/{rel}","templated":true}]}}