{"id":9255,"date":"2018-10-02T18:15:13","date_gmt":"2018-10-02T21:15:13","guid":{"rendered":"https:\/\/blogs.correiobraziliense.com.br\/vicente\/?p=9255"},"modified":"2018-10-02T19:19:47","modified_gmt":"2018-10-02T22:19:47","slug":"petrobras-vai-aumentar-o-gas-de-cozinha-na-sexta-dia-5","status":"publish","type":"post","link":"https:\/\/blogs.correiobraziliense.com.br\/vicente\/petrobras-vai-aumentar-o-gas-de-cozinha-na-sexta-dia-5\/","title":{"rendered":"Petrobras vai aumentar o g\u00e1s de cozinha na sexta, dia 5"},"content":{"rendered":"<h2>BRUNO SANTA RITA<\/h2>\n<h2><\/h2>\n<h2>Analistas de mercado vinham especulando a possibilidade de a Petrobras adiar o reajuste do g\u00e1s de cozinha, que est\u00e1 previsto para sexta-feira, 5 de outubro, mas a estatal confirmou ao <strong>Blog<\/strong> que a pol\u00edtica de ajuste trimestral no pre\u00e7o do GLP ser\u00e1 mantida. E \u00e9 certo que haver\u00e1 aumento. No Distrito Federa, o botij\u00e3o j\u00e1 \u00e9 vendido por at\u00e9 R$ 100.<\/h2>\n<p>&nbsp;<\/p>\n<p>Pelos c\u00e1lculos do economista Carlos Thadeu Filho, do Instituto Brasileiro de Economia (Ibre), da Funda\u00e7\u00e3o Get\u00falio Vargas (FGV), o pre\u00e7o do g\u00e1s subir\u00e1 entre 15% e 20%, o que ter\u00e1 impacto forte nos \u00edndices de infla\u00e7\u00e3o e, claro, no bolso dos consumidores, sobretudo os mais pobres.<\/p>\n<p>&nbsp;<\/p>\n<p>Segundo F\u00e1bio Bentes, economista-chefe da Confedera\u00e7\u00e3o Nacional do Com\u00e9rcio (CNC), \u00e9 poss\u00edvel que o governo segure parte desse aumento, por causa da elei\u00e7\u00e3o, e repasse a diferen\u00e7a retida no pr\u00f3ximo trimestre, em janeiro, j\u00e1 com o pr\u00f3ximo presidente empossado.<\/p>\n<p>&nbsp;<\/p>\n<p>Para Adriano Pires, diretor do Centro Brasileiro de Infraestrutura, n\u00e3o h\u00e1 motivo, neste momento, para um reajuste t\u00e3o elevado do g\u00e1s de cozinha. Nas contas dele, o aumento deve ser de 0,05%, ou seja, praticamente nada, pois o d\u00f3lar caiu e o petr\u00f3leo se manteve dentro do previsto, com pequeno ajuste.<\/p>\n<p>&nbsp;<\/p>\n<p>Os constantes aumentos do g\u00e1s de cozinha provocou grande desgaste ao governo. Tanto que o presidente Michel Temer conseguiu que a Petrobras tornasse o aumento trimestral. O g\u00e1s est\u00e1 t\u00e3o caro, que muitas fam\u00edlias mais pobres voltaram a cozinha no fog\u00e3o a lenha.<\/p>\n<p>&nbsp;<\/p>\n<p>Segundo os especialistas, ser\u00e1 preciso rever a pol\u00edtica de pre\u00e7os do g\u00e1s. Hoje, h\u00e1 subs\u00eddios, mas eles beneficiam ricos e pobres. Para Adriano Pires, isso precisa mudar. Os subs\u00eddios devem valer apenas para os mais pobres. Esse benef\u00edcio seria dado por meio de um cart\u00e3o espec\u00edfico.<\/p>\n<p>&nbsp;<\/p>\n<p><em>Bras\u00edlia, 18h15min<\/em><\/p>\n","protected":false},"excerpt":{"rendered":"<p>BRUNO SANTA RITA Analistas de mercado vinham especulando a possibilidade de a Petrobras adiar o reajuste do g\u00e1s de cozinha, que est\u00e1 previsto para sexta-feira, 5 de outubro, mas a estatal confirmou ao Blog que a pol\u00edtica de ajuste trimestral no pre\u00e7o do GLP ser\u00e1 mantida. E \u00e9 certo que haver\u00e1 aumento. No Distrito Federa, [&hellip;]<\/p>\n","protected":false},"author":22,"featured_media":0,"comment_status":"open","ping_status":"closed","sticky":false,"template":"","format":"standard","meta":{"footnotes":""},"categories":[600],"tags":[],"class_list":["post-9255","post","type-post","status-publish","format-standard","hentry","category-economia"],"_links":{"self":[{"href":"https:\/\/blogs.correiobraziliense.com.br\/vicente\/wp-json\/wp\/v2\/posts\/9255","targetHints":{"allow":["GET"]}}],"collection":[{"href":"https:\/\/blogs.correiobraziliense.com.br\/vicente\/wp-json\/wp\/v2\/posts"}],"about":[{"href":"https:\/\/blogs.correiobraziliense.com.br\/vicente\/wp-json\/wp\/v2\/types\/post"}],"author":[{"embeddable":true,"href":"https:\/\/blogs.correiobraziliense.com.br\/vicente\/wp-json\/wp\/v2\/users\/22"}],"replies":[{"embeddable":true,"href":"https:\/\/blogs.correiobraziliense.com.br\/vicente\/wp-json\/wp\/v2\/comments?post=9255"}],"version-history":[{"count":1,"href":"https:\/\/blogs.correiobraziliense.com.br\/vicente\/wp-json\/wp\/v2\/posts\/9255\/revisions"}],"predecessor-version":[{"id":9256,"href":"https:\/\/blogs.correiobraziliense.com.br\/vicente\/wp-json\/wp\/v2\/posts\/9255\/revisions\/9256"}],"wp:attachment":[{"href":"https:\/\/blogs.correiobraziliense.com.br\/vicente\/wp-json\/wp\/v2\/media?parent=9255"}],"wp:term":[{"taxonomy":"category","embeddable":true,"href":"https:\/\/blogs.correiobraziliense.com.br\/vicente\/wp-json\/wp\/v2\/categories?post=9255"},{"taxonomy":"post_tag","embeddable":true,"href":"https:\/\/blogs.correiobraziliense.com.br\/vicente\/wp-json\/wp\/v2\/tags?post=9255"}],"curies":[{"name":"wp","href":"https:\/\/api.w.org\/{rel}","templated":true}]}}