{"id":9252,"date":"2018-09-27T17:15:32","date_gmt":"2018-09-27T20:15:32","guid":{"rendered":"https:\/\/blogs.correiobraziliense.com.br\/vicente\/?p=9252"},"modified":"2018-09-27T18:18:26","modified_gmt":"2018-09-27T21:18:26","slug":"medo-de-haddad-diminui-dolar-fecha-abaixo-de-r-4-e-bolsa-vai-aos-80-mil-pontos","status":"publish","type":"post","link":"https:\/\/blogs.correiobraziliense.com.br\/vicente\/medo-de-haddad-diminui-dolar-fecha-abaixo-de-r-4-e-bolsa-vai-aos-80-mil-pontos\/","title":{"rendered":"Medo de Haddad diminui, d\u00f3lar fecha abaixo de R$ 4 e Bolsa vai aos 80 mil pontos"},"content":{"rendered":"<h2>Depois de todo o estresse em torno de uma poss\u00edvel vit\u00f3ria de Fernando Haddad (PT) nas elei\u00e7\u00f5es presidenciais de outubro, os investidores baixaram as armas e j\u00e1 trabalham com a possibilidade de um governo moderado caso o petista saia vitorioso das urnas. Com isso, o d\u00f3lar encerrou as negocia\u00e7\u00f5es desta quinta-feira (27\/09) abaixo de R$ 4 pela primeira vez desde 20 de agosto \u2014 cravou R$ 3,994, queda de 0,79%. J\u00e1 a Bolsa de Valores de S\u00e3o Paulo subiu 1,71%, para os 80 mil pontos.<\/h2>\n<p>&nbsp;<\/p>\n<p>O clima mais amistoso do mercado, que, em grande maioria, ainda aposta na vit\u00f3ria de Jair Bolsonaro (PSL), foi impulsionado por bancos estrangeiros, como o Bank of America Merrill Lynch, que soltaram relat\u00f3rios recomendando investimentos no Brasil. O argumento \u00e9 de que diminuiu, consideravelmente, o risco de pol\u00edticas radicais na economia, qualquer que seja o vitorioso nas urnas em outubro.<\/p>\n<p>&nbsp;<\/p>\n<p>Na cabe\u00e7a dos investidores, as rea\u00e7\u00f5es negativas do eleitorado a medidas consideradas equivocadas, como a recria\u00e7\u00e3o da CPMF \u2014 medida proposta por Paulo Guedes, economista da equipe de Bolsonaro \u2014 indicam que n\u00e3o h\u00e1 espa\u00e7o para estripulias. Se, na \u00faltima hora, os eleitores perceberem que est\u00e3o realmente embarcando em aventuras perigosas, pular\u00e3o antes do barco e se apegar\u00e3o ao bom-senso.<\/p>\n<p>&nbsp;<\/p>\n<p>Para os analistas, \u00e9 importante que os pr\u00f3ximos e \u00faltimos dias de campanha, que os candidatos exponham mais seus pontos de vista para a economia, inclusive com propostas que levem ao equil\u00edbrio das contas p\u00fablicas e recoloquem o Brasil na rota do crescimento. &#8220;Estamos falando de projeto de poder. Nenhum governo conseguir\u00e1 se sustentar se trazer de volta a infla\u00e7\u00e3o e n\u00e3o combater, efetivamente, o desemprego&#8221;, explica um executivo de um grande banco.<\/p>\n<p>&nbsp;<\/p>\n<p>Aquele que vencer as elei\u00e7\u00f5es certamente vai trabalhar pela reelei\u00e7\u00e3o. E isso exigir\u00e1 responsabilidade fiscal. Apesar desse discurso, os investidores est\u00e3o cientes de que, mesmo com o tempo curto para o pleito, muita coisa pode acontecer e mudar o curso da disputa. A declara\u00e7\u00e3o do general Mour\u00e3o, vice de Bolsonaro, de que o 13\u00ba \u00e9 um jabuticaba e deveria acabar tem for\u00e7a suficiente para derrubar uma candidatura.<\/p>\n<p>&nbsp;<\/p>\n<p><em>Bras\u00edlia, 17h15min<\/em><\/p>\n","protected":false},"excerpt":{"rendered":"<p>Depois de todo o estresse em torno de uma poss\u00edvel vit\u00f3ria de Fernando Haddad (PT) nas elei\u00e7\u00f5es presidenciais de outubro, os investidores baixaram as armas e j\u00e1 trabalham com a possibilidade de um governo moderado caso o petista saia vitorioso das urnas. Com isso, o d\u00f3lar encerrou as negocia\u00e7\u00f5es desta quinta-feira (27\/09) abaixo de R$ [&hellip;]<\/p>\n","protected":false},"author":22,"featured_media":0,"comment_status":"open","ping_status":"closed","sticky":false,"template":"","format":"standard","meta":{"footnotes":""},"categories":[600],"tags":[],"class_list":["post-9252","post","type-post","status-publish","format-standard","hentry","category-economia"],"_links":{"self":[{"href":"https:\/\/blogs.correiobraziliense.com.br\/vicente\/wp-json\/wp\/v2\/posts\/9252","targetHints":{"allow":["GET"]}}],"collection":[{"href":"https:\/\/blogs.correiobraziliense.com.br\/vicente\/wp-json\/wp\/v2\/posts"}],"about":[{"href":"https:\/\/blogs.correiobraziliense.com.br\/vicente\/wp-json\/wp\/v2\/types\/post"}],"author":[{"embeddable":true,"href":"https:\/\/blogs.correiobraziliense.com.br\/vicente\/wp-json\/wp\/v2\/users\/22"}],"replies":[{"embeddable":true,"href":"https:\/\/blogs.correiobraziliense.com.br\/vicente\/wp-json\/wp\/v2\/comments?post=9252"}],"version-history":[{"count":1,"href":"https:\/\/blogs.correiobraziliense.com.br\/vicente\/wp-json\/wp\/v2\/posts\/9252\/revisions"}],"predecessor-version":[{"id":9253,"href":"https:\/\/blogs.correiobraziliense.com.br\/vicente\/wp-json\/wp\/v2\/posts\/9252\/revisions\/9253"}],"wp:attachment":[{"href":"https:\/\/blogs.correiobraziliense.com.br\/vicente\/wp-json\/wp\/v2\/media?parent=9252"}],"wp:term":[{"taxonomy":"category","embeddable":true,"href":"https:\/\/blogs.correiobraziliense.com.br\/vicente\/wp-json\/wp\/v2\/categories?post=9252"},{"taxonomy":"post_tag","embeddable":true,"href":"https:\/\/blogs.correiobraziliense.com.br\/vicente\/wp-json\/wp\/v2\/tags?post=9252"}],"curies":[{"name":"wp","href":"https:\/\/api.w.org\/{rel}","templated":true}]}}